{"id":3281,"date":"2026-01-21T11:40:27","date_gmt":"2026-01-21T14:40:27","guid":{"rendered":"https:\/\/imobiliarianovolar.net\/blog\/?p=3281"},"modified":"2026-01-21T11:40:28","modified_gmt":"2026-01-21T14:40:28","slug":"jardins-verticais","status":"publish","type":"post","link":"https:\/\/imobiliarianovolar.net\/blog\/jardins-verticais\/","title":{"rendered":"Jardins verticais: 7 modelos cheios de charme para se inspirar em casa ou no apartamento"},"content":{"rendered":"\n<p>Os <strong>jardins verticais<\/strong> s\u00e3o a forma mais inteligente de trazer verde para dentro de casa quando o espa\u00e7o \u00e9 curto &#8211; e a vontade de ter um cantinho vivo \u00e9 grande.<\/p>\n\n\n\n<p>Em apartamentos, especialmente nos im\u00f3veis de praia com varanda e sacada compactas, eles resolvem um \u201cproblema cl\u00e1ssico\u201d: como <strong>decorar com plantas <\/strong>sem perder \u00e1rea \u00fatil, sem bagun\u00e7a e com um visual bonito de verdade.<\/p>\n\n\n\n<p>Ao longo deste guia, voc\u00ea vai entender como escolher o tipo ideal para o seu ambiente e se inspirar com 7 modelos que funcionam tanto em casa quanto no ap\u00ea, do mais pr\u00e1tico ao mais sofisticado. <\/p>\n\n\n\n<p>Confira!<\/p>\n\n\n\n<div id=\"ez-toc-container\" class=\"ez-toc-v2_0_82_1 counter-hierarchy ez-toc-counter ez-toc-custom ez-toc-container-direction\">\n<div class=\"ez-toc-title-container\">\n<p class=\"ez-toc-title\" style=\"cursor:inherit\">O que voc\u00ea vai ver neste artigo:<\/p>\n<span class=\"ez-toc-title-toggle\"><a href=\"#\" class=\"ez-toc-pull-right ez-toc-btn ez-toc-btn-xs ez-toc-btn-default ez-toc-toggle\" aria-label=\"Alternar tabela de conte\u00fado\"><span class=\"ez-toc-js-icon-con\"><span class=\"\"><span class=\"eztoc-hide\" style=\"display:none;\">Toggle<\/span><span class=\"ez-toc-icon-toggle-span\"><svg style=\"fill: #5b2125;color:#5b2125\" xmlns=\"http:\/\/www.w3.org\/2000\/svg\" class=\"list-377408\" width=\"20px\" height=\"20px\" viewBox=\"0 0 24 24\" fill=\"none\"><path d=\"M6 6H4v2h2V6zm14 0H8v2h12V6zM4 11h2v2H4v-2zm16 0H8v2h12v-2zM4 16h2v2H4v-2zm16 0H8v2h12v-2z\" fill=\"currentColor\"><\/path><\/svg><svg style=\"fill: #5b2125;color:#5b2125\" class=\"arrow-unsorted-368013\" xmlns=\"http:\/\/www.w3.org\/2000\/svg\" width=\"10px\" height=\"10px\" viewBox=\"0 0 24 24\" version=\"1.2\" baseProfile=\"tiny\"><path d=\"M18.2 9.3l-6.2-6.3-6.2 6.3c-.2.2-.3.4-.3.7s.1.5.3.7c.2.2.4.3.7.3h11c.3 0 .5-.1.7-.3.2-.2.3-.5.3-.7s-.1-.5-.3-.7zM5.8 14.7l6.2 6.3 6.2-6.3c.2-.2.3-.5.3-.7s-.1-.5-.3-.7c-.2-.2-.4-.3-.7-.3h-11c-.3 0-.5.1-.7.3-.2.2-.3.5-.3.7s.1.5.3.7z\"\/><\/svg><\/span><\/span><\/span><\/a><\/span><\/div>\n<nav><ul class='ez-toc-list ez-toc-list-level-1 ' ><li class='ez-toc-page-1 ez-toc-heading-level-2'><a class=\"ez-toc-link ez-toc-heading-1\" href=\"https:\/\/imobiliarianovolar.net\/blog\/jardins-verticais\/#O_que_sao_jardins_verticais_e_por_que_eles_conquistaram_os_apartamentos\" >O que s\u00e3o jardins verticais e por que eles conquistaram os apartamentos?<\/a><\/li><li class='ez-toc-page-1 ez-toc-heading-level-2'><a class=\"ez-toc-link ez-toc-heading-2\" href=\"https:\/\/imobiliarianovolar.net\/blog\/jardins-verticais\/#Como_escolher_o_melhor_tipo_de_jardim_vertical_para_o_seu_espaco\" >Como escolher o melhor tipo de jardim vertical para o seu espa\u00e7o?<\/a><\/li><li class='ez-toc-page-1 ez-toc-heading-level-2'><a class=\"ez-toc-link ez-toc-heading-3\" href=\"https:\/\/imobiliarianovolar.net\/blog\/jardins-verticais\/#7_modelos_de_jardins_verticais_para_se_inspirar\" >7 modelos de jardins verticais para se inspirar<\/a><\/li><li class='ez-toc-page-1 ez-toc-heading-level-2'><a class=\"ez-toc-link ez-toc-heading-4\" href=\"https:\/\/imobiliarianovolar.net\/blog\/jardins-verticais\/#Cuidados_essenciais_para_manter_seus_jardins_verticais_sempre_bonitos\" >Cuidados essenciais para manter seus jardins verticais sempre bonitos<\/a><\/li><li class='ez-toc-page-1 ez-toc-heading-level-2'><a class=\"ez-toc-link ez-toc-heading-5\" href=\"https:\/\/imobiliarianovolar.net\/blog\/jardins-verticais\/#Jardins_verticais_valorizam_o_imovel_Entenda_a_relacao_com_o_mercado_imobiliario\" >Jardins verticais valorizam o im\u00f3vel? Entenda a rela\u00e7\u00e3o com o mercado imobili\u00e1rio<\/a><\/li><li class='ez-toc-page-1 ez-toc-heading-level-2'><a class=\"ez-toc-link ez-toc-heading-6\" href=\"https:\/\/imobiliarianovolar.net\/blog\/jardins-verticais\/#Quer_um_imovel_com_espaco_ideal_para_jardins_verticais_A_Novo_Lar_te_mostra_as_melhores_opcoes\" >Quer um im\u00f3vel com espa\u00e7o ideal para jardins verticais? A Novo Lar te mostra as melhores op\u00e7\u00f5es<\/a><\/li><li class='ez-toc-page-1 ez-toc-heading-level-2'><a class=\"ez-toc-link ez-toc-heading-7\" href=\"https:\/\/imobiliarianovolar.net\/blog\/jardins-verticais\/#FAQ_duvidas_frequentes_sobre_jardins_verticais\" >FAQ: d\u00favidas frequentes sobre jardins verticais<\/a><\/li><\/ul><\/nav><\/div>\n<h2 class=\"wp-block-heading\"><span class=\"ez-toc-section\" id=\"O_que_sao_jardins_verticais_e_por_que_eles_conquistaram_os_apartamentos\"><\/span><strong>O que s\u00e3o jardins verticais e por que eles conquistaram os apartamentos?<\/strong><span class=\"ez-toc-section-end\"><\/span><\/h2>\n\n\n\n<figure class=\"wp-block-image size-full\"><img loading=\"lazy\" decoding=\"async\" width=\"840\" height=\"484\" src=\"https:\/\/imobiliarianovolar.net\/blog\/wp-content\/uploads\/sites\/4\/2026\/01\/jardins-verticais-apartamento.jpg\" alt=\"Jardins verticais em apartamento\" class=\"wp-image-3283\" srcset=\"https:\/\/imobiliarianovolar.net\/blog\/wp-content\/uploads\/sites\/4\/2026\/01\/jardins-verticais-apartamento.jpg 840w, https:\/\/imobiliarianovolar.net\/blog\/wp-content\/uploads\/sites\/4\/2026\/01\/jardins-verticais-apartamento-300x173.jpg 300w, https:\/\/imobiliarianovolar.net\/blog\/wp-content\/uploads\/sites\/4\/2026\/01\/jardins-verticais-apartamento-768x443.jpg 768w\" sizes=\"auto, (max-width: 840px) 100vw, 840px\" \/><\/figure>\n\n\n\n<p>Jardins verticais s\u00e3o <strong>estruturas instaladas na parede <\/strong>(ou apoiadas nela) para acomodar plantas em diferentes n\u00edveis.<\/p>\n\n\n\n<p class=\"has-white-color has-text-color has-background has-link-color wp-elements-4a42512666f0b49bfc4ad72d9272ea71\" style=\"background-color:#c44345\">Eles podem ser <strong>naturais <\/strong>(com plantas de verdade) ou <strong>artificiais<\/strong> (com folhagens permanentes), e variam de solu\u00e7\u00f5es simples &#8211; como prateleiras com vasos &#8211; at\u00e9 sistemas prontos com m\u00f3dulos e irriga\u00e7\u00e3o.<\/p>\n\n\n\n<p>Na pr\u00e1tica, o sucesso dos jardins verticais nos apartamentos t\u00eam tr\u00eas motivos bem claros:<\/p>\n\n\n\n<h3 class=\"wp-block-heading\"><strong>1) Otimiza\u00e7\u00e3o de espa\u00e7o<\/strong><\/h3>\n\n\n\n<p>Em vez de ocupar o ch\u00e3o com muitos vasos, voc\u00ea \u201csobe\u201d com as plantas.<\/p>\n\n\n\n<p>Isso faz toda diferen\u00e7a quando a ideia \u00e9 montar um <strong>jardim vertical pequeno<\/strong> em varandas, corredores, \u00e1reas de servi\u00e7o e at\u00e9 naquela parede vazia do living.<\/p>\n\n\n\n<h3 class=\"wp-block-heading\"><strong>2) Sensa\u00e7\u00e3o de aconchego e bem-estar<\/strong><\/h3>\n\n\n\n<p>O verde muda a atmosfera.<\/p>\n\n\n\n<p>Ele suaviza o ambiente, d\u00e1 <strong>sensa\u00e7\u00e3o de cuidado <\/strong>e traz um frescor que combina demais com im\u00f3veis urbanos e, mais ainda, com im\u00f3veis de praia, onde a gente busca descanso e leveza.<\/p>\n\n\n\n<h3 class=\"wp-block-heading\"><strong>3) Est\u00e9tica forte e \u201cinstagram\u00e1vel\u201d<\/strong><\/h3>\n\n\n\n<p>Um bom jardim vertical vira ponto focal.<\/p>\n\n\n\n<p>Ele <strong>valoriza a decora\u00e7\u00e3o<\/strong>, rende fotos lindas e conversa bem com tend\u00eancias contempor\u00e2neas: madeira, palha, pedra, cimento queimado, tons claros e ilumina\u00e7\u00e3o indireta.<\/p>\n\n\n\n<h2 class=\"wp-block-heading\"><span class=\"ez-toc-section\" id=\"Como_escolher_o_melhor_tipo_de_jardim_vertical_para_o_seu_espaco\"><\/span><strong>Como escolher o melhor tipo de jardim vertical para o seu espa\u00e7o?<\/strong><span class=\"ez-toc-section-end\"><\/span><\/h2>\n\n\n\n<p>Antes de se apaixonar por um modelo, vale fazer uma escolha pr\u00e1tica.<\/p>\n\n\n\n<p>O <strong>jardim vertical para apartamento<\/strong> ideal \u00e9 aquele que combina com a sua rotina, com a luz do ambiente e com o estilo do seu im\u00f3vel.<\/p>\n\n\n\n<h3 class=\"wp-block-heading\"><strong>1) Onde ele vai ficar?<\/strong><\/h3>\n\n\n\n<p>Pense no local como se fosse \u201co endere\u00e7o\u201d do seu jardim:<\/p>\n\n\n\n<ul class=\"wp-block-list\">\n<li><strong>Varanda e sacada:<\/strong> \u00f3timas para montar um <strong>jardim vertical na varanda<\/strong> com vasos, ripados e m\u00f3dulos prontos;<\/li>\n\n\n\n<li><strong>Corredor:<\/strong> funciona bem com modelos mais estreitos e minimalistas;<\/li>\n\n\n\n<li><strong>Parede da sala:<\/strong> vira destaque decorativo (aqui, capriche no design);<\/li>\n\n\n\n<li><strong>\u00c1rea de servi\u00e7o:<\/strong> solu\u00e7\u00f5es pr\u00e1ticas, resistentes e f\u00e1ceis de limpar;<\/li>\n\n\n\n<li><strong>Cozinha:<\/strong> perfeito para uma hortinha vertical de temperos.<\/li>\n<\/ul>\n\n\n\n<h3 class=\"wp-block-heading\"><strong>2) Como \u00e9 a luz e a ventila\u00e7\u00e3o?<\/strong><\/h3>\n\n\n\n<p>Isso muda tudo no jardim natural:<\/p>\n\n\n\n<ul class=\"wp-block-list\">\n<li><strong>Sol direto:<\/strong> ambientes com sol forte por horas (cuidado com plantas que queimam);<\/li>\n\n\n\n<li><strong>Meia-sombra:<\/strong> luz boa, mas sem aquele sol \u201cna cara\u201d o tempo todo (o cen\u00e1rio mais vers\u00e1til);<\/li>\n\n\n\n<li><strong>Pouca luz \/ interno:<\/strong> aqui, ou voc\u00ea escolhe esp\u00e9cies que toleram sombra, ou considera um jardim artificial de alta qualidade.<\/li>\n<\/ul>\n\n\n\n<p><strong>Dica<\/strong>: n\u00e3o adianta escolher planta \u201clinda\u201d se ela n\u00e3o aguenta o seu ambiente.<\/p>\n\n\n\n<p>Melhor um <strong>jardim vertical pequeno<\/strong> bem resolvido e saud\u00e1vel do que um painel grande que vira dor de cabe\u00e7a.<\/p>\n\n\n\n<h3 class=\"wp-block-heading\"><strong>3) Quanto tempo voc\u00ea quer (ou consegue) dedicar?<\/strong><\/h3>\n\n\n\n<p>Seu perfil manda mais do que a tend\u00eancia.<\/p>\n\n\n\n<h4 class=\"wp-block-heading\">Perfil viajante \/ veranista (fim de semana e temporadas):<\/h4>\n\n\n\n<p>Prefira <strong>esp\u00e9cies resistentes e de baixa rega<\/strong>, ou modelos que n\u00e3o dependam de manuten\u00e7\u00e3o constante (suculentas, cactos, ou at\u00e9 artificial bem-feito).<\/p>\n\n\n\n<h4 class=\"wp-block-heading\">Quem mora todos os dias:<\/h4>\n\n\n\n<p>Voc\u00ea pode apostar em mais variedade e at\u00e9 em hortinha, porque a manuten\u00e7\u00e3o entra na rotina.<\/p>\n\n\n\n<h3 class=\"wp-block-heading\"><strong>4) Qual \u00e9 o tipo de im\u00f3vel?<\/strong><\/h3>\n\n\n\n<p>O jardim tamb\u00e9m conversa com a planta do im\u00f3vel:<\/p>\n\n\n\n<ul class=\"wp-block-list\">\n<li><strong>Est\u00fadio compacto:<\/strong> modelos leves, finos e com poucos elementos;<\/li>\n\n\n\n<li><strong>Ap\u00ea de 2\/3 dormit\u00f3rios:<\/strong> d\u00e1 para criar um painel mais completo na varanda gourmet ou no living;<\/li>\n\n\n\n<li><strong>Casa e sobrado:<\/strong> op\u00e7\u00f5es maiores, com estruturas mais robustas e mix de esp\u00e9cies;<\/li>\n\n\n\n<li><strong>Cobertura com terra\u00e7o:<\/strong> d\u00e1 para transformar em um espa\u00e7o de experi\u00eancia &#8211; verde + ilumina\u00e7\u00e3o + \u00e1rea de estar.<\/li>\n<\/ul>\n\n\n\n<h2 class=\"wp-block-heading\"><span class=\"ez-toc-section\" id=\"7_modelos_de_jardins_verticais_para_se_inspirar\"><\/span><strong>7 modelos de jardins verticais para se inspirar<\/strong><span class=\"ez-toc-section-end\"><\/span><\/h2>\n\n\n\n<p>Os jardins verticais podem ser simples ou super sofisticados e os dois funcionam, desde que combinem com seu espa\u00e7o e rotina.<\/p>\n\n\n\n<p>Aqui v\u00e3o 7 modelos para voc\u00ea se inspirar e escolher o seu.<\/p>\n\n\n\n<h3 class=\"wp-block-heading\"><strong>Jardim vertical com vasos suspensos em trilhos ou prateleiras<\/strong><\/h3>\n\n\n\n<p>Esse \u00e9 o modelo \u201ccoringa\u201d para quem quer praticidade.<\/p>\n\n\n\n<p>Voc\u00ea cria um jardim vertical na varanda usando prateleiras, trilhos met\u00e1licos ou suportes alinhados, com vasos iguais (ou da mesma paleta) para dar unidade.<\/p>\n\n\n\n<p>Por que funciona t\u00e3o bem?<\/p>\n\n\n\n<ul class=\"wp-block-list\">\n<li>\u00c9 <strong>acess\u00edvel<\/strong> e f\u00e1cil de montar;<\/li>\n\n\n\n<li>Voc\u00ea consegue <strong>trocar as plantas<\/strong> sem mexer na estrutura;<\/li>\n\n\n\n<li>Fica \u00f3timo em varandas pequenas e \u00e1reas de servi\u00e7o, perfeito para um <strong>jardim vertical pequeno<\/strong>.<\/li>\n<\/ul>\n\n\n\n<p>Para deixar com cara de projeto, pense em: <strong>alinhamento<\/strong>, <strong>padr\u00e3o de vasos<\/strong> e <strong>respiro visual<\/strong>.<\/p>\n\n\n\n<h3 class=\"wp-block-heading\"><strong>Jardim vertical com placas moduladas (sistema pronto)<\/strong><\/h3>\n\n\n\n<p>Aqui o visual fica mais \u201cprofissional\u201d de cara.<\/p>\n\n\n\n<p>As placas moduladas s\u00e3o m\u00f3dulos prontos que recebem vasos encaixados e criam um painel organizado &#8211; solu\u00e7\u00e3o excelente para quem quer um jardim vertical para apartamento com acabamento clean.<\/p>\n\n\n\n<p>Ideal para <strong>sacadas gourmet<\/strong>, porque fica bonito e \u201carrumado\u201d sempre.<\/p>\n\n\n\n<p><strong>S\u00f3 um cuidado<\/strong>: pense em drenagem e prote\u00e7\u00e3o da parede para evitar excesso de umidade.<\/p>\n\n\n\n<h3 class=\"wp-block-heading\"><strong>Jardim vertical em estrutura de madeira (ripado ou painel)<\/strong><\/h3>\n\n\n\n<figure class=\"wp-block-image size-full\"><img loading=\"lazy\" decoding=\"async\" width=\"840\" height=\"484\" src=\"https:\/\/imobiliarianovolar.net\/blog\/wp-content\/uploads\/sites\/4\/2026\/01\/horta-vertical.jpg\" alt=\"Jardim vertical com estrutura de madeira\" class=\"wp-image-3284\" srcset=\"https:\/\/imobiliarianovolar.net\/blog\/wp-content\/uploads\/sites\/4\/2026\/01\/horta-vertical.jpg 840w, https:\/\/imobiliarianovolar.net\/blog\/wp-content\/uploads\/sites\/4\/2026\/01\/horta-vertical-300x173.jpg 300w, https:\/\/imobiliarianovolar.net\/blog\/wp-content\/uploads\/sites\/4\/2026\/01\/horta-vertical-768x443.jpg 768w\" sizes=\"auto, (max-width: 840px) 100vw, 840px\" \/><\/figure>\n\n\n\n<p>A <strong>madeira traz aconchego<\/strong> e combina muito com varanda gourmet.<\/p>\n\n\n\n<p>Um ripado com vasos ou suportes cria um cen\u00e1rio perfeito para receber amigos \u2014 aquele lifestyle de im\u00f3vel no litoral que \u00e9 a cara de <a href=\"https:\/\/imobiliarianovolar.net\/?cidade=Capao%20da%20Canoa\">Cap\u00e3o da Canoa.<\/a><\/p>\n\n\n\n<p><strong>Dica<\/strong>: em \u00e1reas litor\u00e2neas, prefira madeira tratada e estrutura bem instalada para resistir melhor \u00e0 umidade.<\/p>\n\n\n\n<h3 class=\"wp-block-heading\"><strong>Jardim vertical de suculentas e cactos para baixa manuten\u00e7\u00e3o<\/strong><\/h3>\n\n\n\n<p>Para quem n\u00e3o quer (ou n\u00e3o consegue) cuidar todos os dias, esse modelo \u00e9 certeiro.<\/p>\n\n\n\n<p class=\"has-white-color has-text-color has-background has-link-color wp-elements-ed71e43eb74593a6183fdcf8907b0701\" style=\"background-color:#c44345\"><strong>Suculentas e cactos exigem menos regas e t\u00eam alta resist\u00eancia<\/strong>, \u00f3timo para im\u00f3vel de veraneio e tamb\u00e9m para quem quer um jardim vertical pequeno com manuten\u00e7\u00e3o baixa.<\/p>\n\n\n\n<p><strong>Lembre-se<\/strong>: excesso de \u00e1gua \u00e9 o erro mais comum.<\/p>\n\n\n\n<h3 class=\"wp-block-heading\"><strong>Jardim vertical com hortinha em apartamento<\/strong><\/h3>\n\n\n\n<p>A hortinha vertical \u00e9 <a href=\"https:\/\/imobiliarianovolar.net\/blog\/decoracao-boho\/\">decora\u00e7\u00e3o <\/a>+ utilidade.<\/p>\n\n\n\n<p>Ter manjeric\u00e3o, alecrim, hortel\u00e3 e outros temperos por perto deixa a casa com sensa\u00e7\u00e3o de \u201clar v\u00edvido\u201d e traz <strong>praticidade para o dia a dia<\/strong>.<\/p>\n\n\n\n<p>Funciona muito bem como jardim vertical para apartamento na cozinha ou na varanda, desde que o local tenha luz suficiente.<\/p>\n\n\n\n<h3 class=\"wp-block-heading\"><strong>Jardim vertical artificial: quando faz sentido apostar em plantas permanentes<\/strong><\/h3>\n\n\n\n<p>Nem todo mundo tem luz ideal ou rotina para cuidar de plantas.<\/p>\n\n\n\n<p>E, nesses casos, um jardim vertical na varanda ou interno com folhagens artificiais bem escolhidas pode ser uma solu\u00e7\u00e3o inteligente, bonita e dur\u00e1vel.<\/p>\n\n\n\n<p><strong>O segredo<\/strong>: investir em modelos com qualidade para manter o aspecto natural.<\/p>\n\n\n\n<h3 class=\"wp-block-heading\"><strong>Jardim vertical minimalista com poucas esp\u00e9cies e design clean<\/strong><\/h3>\n\n\n\n<p>Se voc\u00ea gosta de <strong>est\u00e9tica sofisticada<\/strong>, esse modelo \u00e9 perfeito.<\/p>\n\n\n\n<p>Poucas esp\u00e9cies, bem escolhidas, com composi\u00e7\u00e3o organizada e visual leve, \u00f3timo para living integrado, im\u00f3veis de alto padr\u00e3o e varandas com acabamento mais contempor\u00e2neo.<\/p>\n\n\n\n<h2 class=\"wp-block-heading\"><span class=\"ez-toc-section\" id=\"Cuidados_essenciais_para_manter_seus_jardins_verticais_sempre_bonitos\"><\/span><strong>Cuidados essenciais para manter seus jardins verticais sempre bonitos<\/strong><span class=\"ez-toc-section-end\"><\/span><\/h2>\n\n\n\n<figure class=\"wp-block-image size-full\"><img loading=\"lazy\" decoding=\"async\" width=\"840\" height=\"484\" src=\"https:\/\/imobiliarianovolar.net\/blog\/wp-content\/uploads\/sites\/4\/2026\/01\/como-cuidar-jardim-vertical.jpg\" alt=\"Como cuidar do jardim vertical\" class=\"wp-image-3285\" srcset=\"https:\/\/imobiliarianovolar.net\/blog\/wp-content\/uploads\/sites\/4\/2026\/01\/como-cuidar-jardim-vertical.jpg 840w, https:\/\/imobiliarianovolar.net\/blog\/wp-content\/uploads\/sites\/4\/2026\/01\/como-cuidar-jardim-vertical-300x173.jpg 300w, https:\/\/imobiliarianovolar.net\/blog\/wp-content\/uploads\/sites\/4\/2026\/01\/como-cuidar-jardim-vertical-768x443.jpg 768w\" sizes=\"auto, (max-width: 840px) 100vw, 840px\" \/><\/figure>\n\n\n\n<p>Jardins verticais bonitos e saud\u00e1veis dependem de escolhas coerentes e gestos simples. Confira os principais <a href=\"https:\/\/imobiliarianovolar.net\/blog\/cuidados-com-o-jardim\/\">cuidados com o jardim<\/a> vertical:<\/p>\n\n\n\n<h3 class=\"wp-block-heading\"><strong>Escolha de esp\u00e9cies conforme a luz<\/strong><\/h3>\n\n\n\n<p>A <strong>luz \u00e9 o \u201ccombust\u00edvel\u201d das plantas<\/strong>.<\/p>\n\n\n\n<p class=\"has-white-color has-text-color has-background has-link-color wp-elements-c39f85b951de627dcc2e382063956092\" style=\"background-color:#c44345\">Antes de comprar, observe seu espa\u00e7o por alguns dias para entender se bate sol, por quanto tempo e com que intensidade.<\/p>\n\n\n\n<h3 class=\"wp-block-heading\"><strong>Rega e drenagem (evite infiltra\u00e7\u00f5es)<\/strong><\/h3>\n\n\n\n<p>Em apartamento, esse ponto \u00e9 essencial.<\/p>\n\n\n\n<p>Use vasos com drenagem e evite encharcar. Se poss\u00edvel, crie uma prote\u00e7\u00e3o entre estrutura e parede para reduzir risco de manchas e umidade.<\/p>\n\n\n\n<h3 class=\"wp-block-heading\"><strong>Aduba\u00e7\u00e3o leve e peri\u00f3dica<\/strong><\/h3>\n\n\n\n<p>Planta em vaso precisa de <strong>nutrientes<\/strong>.<\/p>\n\n\n\n<p>Com uma aduba\u00e7\u00e3o leve e regular, o seu jardim fica mais verde, forte e bonito.<\/p>\n\n\n\n<h3 class=\"wp-block-heading\"><strong>Limpeza do painel\/estrutura<\/strong><\/h3>\n\n\n\n<p>Folhas caem, poeira acumula e isso \u00e9 normal.<\/p>\n\n\n\n<p>Uma <strong>limpeza r\u00e1pida<\/strong> de tempos em tempos mant\u00e9m o visual bonito e ajuda a evitar pragas.<\/p>\n\n\n\n<h4 class=\"wp-block-heading\">Alertas r\u00e1pidos:<\/h4>\n\n\n\n<ul class=\"wp-block-list\">\n<li>Fixa\u00e7\u00e3o segura da estrutura (principalmente em sacadas);<\/li>\n\n\n\n<li>Respeitar regras do condom\u00ednio para instala\u00e7\u00e3o e uso.<\/li>\n<\/ul>\n\n\n\n<h2 class=\"wp-block-heading\"><span class=\"ez-toc-section\" id=\"Jardins_verticais_valorizam_o_imovel_Entenda_a_relacao_com_o_mercado_imobiliario\"><\/span><strong>Jardins verticais valorizam o im\u00f3vel? Entenda a rela\u00e7\u00e3o com o mercado imobili\u00e1rio<\/strong><span class=\"ez-toc-section-end\"><\/span><\/h2>\n\n\n\n<figure class=\"wp-block-image size-full\"><img loading=\"lazy\" decoding=\"async\" width=\"840\" height=\"484\" src=\"https:\/\/imobiliarianovolar.net\/blog\/wp-content\/uploads\/sites\/4\/2026\/01\/jardim-vertical-valorizacao.jpg\" alt=\"Apartamento com jardim vertical\" class=\"wp-image-3286\" srcset=\"https:\/\/imobiliarianovolar.net\/blog\/wp-content\/uploads\/sites\/4\/2026\/01\/jardim-vertical-valorizacao.jpg 840w, https:\/\/imobiliarianovolar.net\/blog\/wp-content\/uploads\/sites\/4\/2026\/01\/jardim-vertical-valorizacao-300x173.jpg 300w, https:\/\/imobiliarianovolar.net\/blog\/wp-content\/uploads\/sites\/4\/2026\/01\/jardim-vertical-valorizacao-768x443.jpg 768w\" sizes=\"auto, (max-width: 840px) 100vw, 840px\" \/><\/figure>\n\n\n\n<p>Jardins verticais <strong>podem aumentar a percep\u00e7\u00e3o de valor do im\u00f3vel<\/strong> porque deixam o ambiente mais acolhedor, bem cuidado e visualmente marcante.<\/p>\n\n\n\n<p>Isso pesa muito em im\u00f3veis onde a \u00e1rea externa \u00e9 decisiva, como apartamentos com <strong>varanda gourmet<\/strong>, coberturas e <a href=\"https:\/\/imobiliarianovolar.net\/?cidade=Capao%20da%20Canoa\">im\u00f3veis de praia em Cap\u00e3o da Canoa<\/a> e regi\u00e3o.<\/p>\n\n\n\n<p class=\"has-white-color has-text-color has-background has-link-color wp-elements-0439f64fe0070ddd8231460d14977e91\" style=\"background-color:#c44345\">Em visitas presenciais ou tours virtuais, uma varanda com jardim vertical bem montada cria impacto imediato.<\/p>\n\n\n\n<p>E o <strong>impacto visual<\/strong>, no mercado imobili\u00e1rio, ajuda o comprador a \u201cse ver vivendo ali\u201d, o que encurta o caminho at\u00e9 a decis\u00e3o.<\/p>\n\n\n\n<p>Aqui entra a ess\u00eancia consultiva da <strong>Novo Lar<\/strong>: n\u00e3o \u00e9 s\u00f3 vender.<\/p>\n\n\n\n<p>\u00c9 <strong>orientar com vis\u00e3o de patrim\u00f4nio<\/strong>, mostrando o que torna um im\u00f3vel mais desejado hoje e mais valorizado amanh\u00e3.<\/p>\n\n\n\n<h2 class=\"wp-block-heading\"><span class=\"ez-toc-section\" id=\"Quer_um_imovel_com_espaco_ideal_para_jardins_verticais_A_Novo_Lar_te_mostra_as_melhores_opcoes\"><\/span><strong>Quer um im\u00f3vel com espa\u00e7o ideal para jardins verticais? A Novo Lar te mostra as melhores op\u00e7\u00f5es<\/strong><span class=\"ez-toc-section-end\"><\/span><\/h2>\n\n\n\n<p>Se voc\u00ea chegou at\u00e9 aqui, j\u00e1 entendeu: jardins verticais s\u00e3o a solu\u00e7\u00e3o perfeita para quem quer verde sem abrir m\u00e3o de espa\u00e7o, especialmente em apartamentos.<\/p>\n\n\n\n<p>Agora vem a parte mais importante: escolher um im\u00f3vel que facilite isso, com varanda, sacada ou terra\u00e7o que realmente funcione no dia a dia.<\/p>\n\n\n\n<p>A <a href=\"https:\/\/imobiliarianovolar.net\/\"><strong>Novo Lar<\/strong><\/a> \u00e9 especialista no litoral ga\u00facho e Porto Alegre e pode te orientar a encontrar o <strong>im\u00f3vel certo para o seu estilo de vida<\/strong>, com potencial de valoriza\u00e7\u00e3o e um espa\u00e7o externo que d\u00e1 vontade de usar.<\/p>\n\n\n\n<p>Quer um im\u00f3vel onde um <strong>jardim vertical na varanda<\/strong> n\u00e3o seja improvisado, e sim parte do projeto?<\/p>\n\n\n\n<p><a href=\"https:\/\/api.whatsapp.com\/send?phone=5551991499284&amp;text=Ol%C3%A1,%20entrei%20no%20site%20da%20Novo%20Lar%20e%20tenho%20interesse%20em%20comprar%20im%C3%B3veis%20em%20Cap%C3%A3o%20da%20Canoa.\" target=\"_blank\" rel=\"noopener\">Fale com a Novo Lar<\/a>! A gente te apresenta apartamentos e casas com varandas e espa\u00e7os externos que combinam com o seu estilo.<\/p>\n\n\n\n<h2 class=\"wp-block-heading\"><span class=\"ez-toc-section\" id=\"FAQ_duvidas_frequentes_sobre_jardins_verticais\"><\/span><strong>FAQ: d\u00favidas frequentes sobre jardins verticais<\/strong><span class=\"ez-toc-section-end\"><\/span><\/h2>\n\n\n\n<h3 class=\"wp-block-heading\"><strong>Jardim vertical estraga a parede?<\/strong><\/h3>\n\n\n\n<p>Pode estragar se <strong>n\u00e3o<\/strong> houver controle de rega e drenagem.<\/p>\n\n\n\n<p>Com <strong>vasos adequados, prote\u00e7\u00e3o e instala\u00e7\u00e3o correta<\/strong>, d\u00e1 para ter jardins verticais sem manchas e sem umidade.<\/p>\n\n\n\n<h3 class=\"wp-block-heading\"><strong>Qual \u00e9 o melhor jardim vertical para apartamento pequeno?<\/strong><\/h3>\n\n\n\n<p>O melhor costuma ser o que n\u00e3o ocupa o ch\u00e3o: prateleiras, trilhos e pain\u00e9is estreitos.<\/p>\n\n\n\n<p>Assim voc\u00ea cria um <strong>jardim vertical pequeno<\/strong> com visual bonito e manuten\u00e7\u00e3o simples.<\/p>\n\n\n\n<h3 class=\"wp-block-heading\"><strong>Como montar um jardim vertical na varanda sem complica\u00e7\u00e3o?<\/strong><\/h3>\n\n\n\n<p>Comece com prateleiras ou suportes alinhados e vasos padronizados.<\/p>\n\n\n\n<p>\u00c9 <strong>f\u00e1cil de instalar<\/strong>, d\u00e1 para ajustar com o tempo e fica \u00f3timo em sacadas pequenas.<\/p>\n\n\n\n<h3 class=\"wp-block-heading\"><strong>Jardim vertical artificial vale a pena?<\/strong><\/h3>\n\n\n\n<p>Vale quando o <strong>ambiente tem pouca luz<\/strong>, a rotina \u00e9 corrida ou o im\u00f3vel fica fechado por longos per\u00edodos.<\/p>\n\n\n\n<p>Hoje existem op\u00e7\u00f5es com acabamento excelente, que deixam o espa\u00e7o bonito o ano inteiro.<\/p>\n","protected":false},"excerpt":{"rendered":"<p>Os jardins verticais s\u00e3o a forma mais inteligente de trazer verde para dentro de casa quando o espa\u00e7o \u00e9 curto &#8211; e a vontade de&#8230;<\/p>\n","protected":false},"author":6,"featured_media":3282,"comment_status":"open","ping_status":"open","sticky":false,"template":"","format":"standard","meta":{"footnotes":""},"categories":[4],"tags":[],"class_list":["post-3281","post","type-post","status-publish","format-standard","has-post-thumbnail","hentry","category-decoracao-e-arquitetura"],"_links":{"self":[{"href":"https:\/\/imobiliarianovolar.net\/blog\/wp-json\/wp\/v2\/posts\/3281","targetHints":{"allow":["GET"]}}],"collection":[{"href":"https:\/\/imobiliarianovolar.net\/blog\/wp-json\/wp\/v2\/posts"}],"about":[{"href":"https:\/\/imobiliarianovolar.net\/blog\/wp-json\/wp\/v2\/types\/post"}],"author":[{"embeddable":true,"href":"https:\/\/imobiliarianovolar.net\/blog\/wp-json\/wp\/v2\/users\/6"}],"replies":[{"embeddable":true,"href":"https:\/\/imobiliarianovolar.net\/blog\/wp-json\/wp\/v2\/comments?post=3281"}],"version-history":[{"count":2,"href":"https:\/\/imobiliarianovolar.net\/blog\/wp-json\/wp\/v2\/posts\/3281\/revisions"}],"predecessor-version":[{"id":3288,"href":"https:\/\/imobiliarianovolar.net\/blog\/wp-json\/wp\/v2\/posts\/3281\/revisions\/3288"}],"wp:featuredmedia":[{"embeddable":true,"href":"https:\/\/imobiliarianovolar.net\/blog\/wp-json\/wp\/v2\/media\/3282"}],"wp:attachment":[{"href":"https:\/\/imobiliarianovolar.net\/blog\/wp-json\/wp\/v2\/media?parent=3281"}],"wp:term":[{"taxonomy":"category","embeddable":true,"href":"https:\/\/imobiliarianovolar.net\/blog\/wp-json\/wp\/v2\/categories?post=3281"},{"taxonomy":"post_tag","embeddable":true,"href":"https:\/\/imobiliarianovolar.net\/blog\/wp-json\/wp\/v2\/tags?post=3281"}],"curies":[{"name":"wp","href":"https:\/\/api.w.org\/{rel}","templated":true}]}}