{"id":326,"date":"2020-11-19T19:31:23","date_gmt":"2020-11-19T22:31:23","guid":{"rendered":"https:\/\/imobiliarianovolar.net\/blog\/?p=326"},"modified":"2024-11-29T16:33:04","modified_gmt":"2024-11-29T19:33:04","slug":"vitra-capao-da-canoa","status":"publish","type":"post","link":"https:\/\/imobiliarianovolar.net\/blog\/vitra-capao-da-canoa\/","title":{"rendered":"Condom\u00ednio Vitra Cap\u00e3o da Canoa: 7 motivos para investir"},"content":{"rendered":"\n<p>Quem n\u00e3o gosta de conforto e de se sentir em casa, mesmo quando est\u00e1 de f\u00e9rias? \u00c9 por esse motivo que<strong> <\/strong><a href=\"https:\/\/imobiliarianovolar.net\/blog\/boom-mercado-imobiliario\/\"><strong>muita gente tem investido em im\u00f3vel<\/strong><\/a> ao inv\u00e9s de ficar em pousada ou hotel na praia. <\/p>\n\n\n\n<p>E se for um apartamento localizado a duas quadras do mar, em um empreendimento com uma infraestrutura completa e padr\u00e3o de primeiro mundo, al\u00e9m de alto \u00edndice de valoriza\u00e7\u00e3o, ent\u00e3o?<\/p>\n\n\n\n<p>Essas s\u00e3o apenas algumas das vantagens que o <strong>Vitra Residence<\/strong> oferece em Cap\u00e3o da Canoa.<\/p>\n\n\n\n<p>Rec\u00e9m lan\u00e7ado e com alta procura, o residencial oferece pelo menos 7 motivos para investir, seja para aumento de rentabilidade nos investimentos ou para veraneio.<\/p>\n\n\n\n<h2 class=\"wp-block-heading\"><strong>7 motivos para investir em um apartamento do Vitra<\/strong><\/h2>\n\n\n\n<figure class=\"wp-block-image size-large\"><img loading=\"lazy\" decoding=\"async\" width=\"840\" height=\"484\" src=\"https:\/\/imobiliarianovolar.net\/blog\/wp-content\/uploads\/2020\/11\/vitra-6.jpg\" alt=\"Vitra 2\" class=\"wp-image-329\" srcset=\"https:\/\/imobiliarianovolar.net\/blog\/wp-content\/uploads\/sites\/4\/2020\/11\/vitra-6.jpg 840w, https:\/\/imobiliarianovolar.net\/blog\/wp-content\/uploads\/sites\/4\/2020\/11\/vitra-6-300x173.jpg 300w, https:\/\/imobiliarianovolar.net\/blog\/wp-content\/uploads\/sites\/4\/2020\/11\/vitra-6-768x443.jpg 768w\" sizes=\"auto, (max-width: 840px) 100vw, 840px\" \/><\/figure>\n\n\n\n<h3 class=\"wp-block-heading\"><strong>1) Localiza\u00e7\u00e3o privilegiada<\/strong><\/h3>\n\n\n\n<p>O Vitra Residence est\u00e1 localizado em <a href=\"https:\/\/imobiliarianovolar.net\/blog\/qualidade-de-vida-capao-da-canoa\/\"><strong>Cap\u00e3o da Canoa<\/strong><\/a>, a cidade mais desejada do litoral ga\u00facho, visto que oferece infraestrutura completa, qualidade de vida, op\u00e7\u00f5es de lazer e seguran\u00e7a.<\/p>\n\n\n\n<p>O empreendimento fica no<strong> n\u00famero 980 da Rua Jos\u00e9 Milton Lopes, esquina com a Avenida Central, no bairro Zona Nova,<\/strong> uma das \u00e1reas que mais cresce e se desenvolve em Cap\u00e3o da Canoa.<\/p>\n\n\n\n<p>O <a href=\"https:\/\/imobiliarianovolar.net\/blog\/bairro-zona-nova-capao-da-canoa\/\"><strong>Bairro Zona Nova<\/strong><\/a> \u00e9 daqueles lugares tipicamente familiares, com um ambiente tranquilo e sossegado, mas com toda a infraestrutura de supermercado, restaurantes e <a href=\"https:\/\/imobiliarianovolar.net\/blog\/pracas-capao-da-canoa\/\" data-type=\"URL\" data-id=\"https:\/\/imobiliarianovolar.net\/blog\/pracas-capao-da-canoa\/\">pra\u00e7as de lazer<\/a> que um veranista ou morador precisa.<\/p>\n\n\n\n<p>O Vitra ainda fica a<strong> apenas 100 metros da Pra\u00e7a Israelita e a 150 metros da Pra\u00e7a Avezon<\/strong>, que s\u00e3o dois dos melhores lugares de lazer da cidade.<\/p>\n\n\n\n<h3 class=\"wp-block-heading\"><strong>2) Vista para o mar<\/strong><\/h3>\n\n\n\n<figure class=\"wp-block-image size-large\"><img loading=\"lazy\" decoding=\"async\" width=\"840\" height=\"484\" src=\"https:\/\/imobiliarianovolar.net\/blog\/wp-content\/uploads\/2020\/11\/vitra-5.jpg\" alt=\"Vitra 1\" class=\"wp-image-328\" srcset=\"https:\/\/imobiliarianovolar.net\/blog\/wp-content\/uploads\/sites\/4\/2020\/11\/vitra-5.jpg 840w, https:\/\/imobiliarianovolar.net\/blog\/wp-content\/uploads\/sites\/4\/2020\/11\/vitra-5-300x173.jpg 300w, https:\/\/imobiliarianovolar.net\/blog\/wp-content\/uploads\/sites\/4\/2020\/11\/vitra-5-768x443.jpg 768w\" sizes=\"auto, (max-width: 840px) 100vw, 840px\" \/><\/figure>\n\n\n\n<p>Al\u00e9m de um excelente endere\u00e7o, <strong>o Vitra fica a apenas duas quadras da beira-mar.<\/strong> Basta caminhar 150 metros que voc\u00ea est\u00e1 na praia, no cal\u00e7ad\u00e3o ou na ciclovia que contorna a orla de Cap\u00e3o.<\/p>\n\n\n\n<p>Sem contar que, como o empreendimento fica numa esquina, o morador tem uma vista deslumbrante 360\u00ba, do mar \u00e0 lagoa.&nbsp;<\/p>\n\n\n\n<p>J\u00e1 se imaginou vendo nascer do sol no mar sem sair de casa?<\/p>\n\n\n\n<h3 class=\"wp-block-heading\"><strong>3) Apartamentos de alto padr\u00e3o<\/strong><\/h3>\n\n\n\n<figure class=\"wp-block-image size-large\"><img loading=\"lazy\" decoding=\"async\" width=\"840\" height=\"484\" src=\"https:\/\/imobiliarianovolar.net\/blog\/wp-content\/uploads\/2020\/11\/vitra-4.jpg\" alt=\"Vitra 3\" class=\"wp-image-330\" srcset=\"https:\/\/imobiliarianovolar.net\/blog\/wp-content\/uploads\/sites\/4\/2020\/11\/vitra-4.jpg 840w, https:\/\/imobiliarianovolar.net\/blog\/wp-content\/uploads\/sites\/4\/2020\/11\/vitra-4-300x173.jpg 300w, https:\/\/imobiliarianovolar.net\/blog\/wp-content\/uploads\/sites\/4\/2020\/11\/vitra-4-768x443.jpg 768w\" sizes=\"auto, (max-width: 840px) 100vw, 840px\" \/><\/figure>\n\n\n\n<p>O Vitra Residence est\u00e1 sendo erguido pela <strong><a href=\"http:\/\/construmacrs.com\/\" target=\"_blank\" aria-label=\"Construmac (opens in a new tab)\" rel=\"noreferrer noopener\" class=\"rank-math-link\">Construmac<\/a><\/strong>, <strong>uma das construtoras mais renomadas do litoral ga\u00facho. <\/strong>N\u00e3o \u00e9 \u00e0 toa. <\/p>\n\n\n\n<p>A empresa se preocupa com a <strong>qualidade <\/strong>e em trazer o que h\u00e1 de mais novo em tecnologia para suas obras.<\/p>\n\n\n\n<p>Sem contar a arquitetura arrojada e singular. O Vitra conta com a assinatura do <strong>renomado arquiteto Alexandre Voigt<\/strong>, que criou ambientes internos com cores leves e aconchegantes, que remetem ao ar tranquilo da praia.<\/p>\n\n\n\n<p>Do lado de fora, linhas neocl\u00e1ssicas, e muitas janelas envidra\u00e7adas que comp\u00f5em um bel\u00edssimo pr\u00e9dio de 15 andares.<\/p>\n\n\n\n<h3 class=\"wp-block-heading\"><strong>4) Infraestrutura de primeiro mundo<\/strong><\/h3>\n\n\n\n<p>S\u00e3o <strong>apenas tr\u00eas apartamentos por andar, totalizando 30 im\u00f3veis<\/strong>, todos com tr\u00eas dormit\u00f3rios e quase todos com duas vagas de garagem &#8211; s\u00e3o 56 no total.&nbsp;<\/p>\n\n\n\n<p>Dois apartamentos contam ainda com terra\u00e7o.<\/p>\n\n\n\n<p>As \u00e1reas de uso comum tamb\u00e9m fazem do Vitra um pr\u00e9dio luxuoso, seguro e que oferece bem-estar e conforto.&nbsp;<\/p>\n\n\n\n<h3 class=\"wp-block-heading\"><strong>5) Complexo de luxo<\/strong><\/h3>\n\n\n\n<figure class=\"wp-block-image size-large\"><img loading=\"lazy\" decoding=\"async\" width=\"840\" height=\"484\" src=\"https:\/\/imobiliarianovolar.net\/blog\/wp-content\/uploads\/2020\/11\/vitra-3.jpg\" alt=\"Vitra 4\" class=\"wp-image-331\" srcset=\"https:\/\/imobiliarianovolar.net\/blog\/wp-content\/uploads\/sites\/4\/2020\/11\/vitra-3.jpg 840w, https:\/\/imobiliarianovolar.net\/blog\/wp-content\/uploads\/sites\/4\/2020\/11\/vitra-3-300x173.jpg 300w, https:\/\/imobiliarianovolar.net\/blog\/wp-content\/uploads\/sites\/4\/2020\/11\/vitra-3-768x443.jpg 768w\" sizes=\"auto, (max-width: 840px) 100vw, 840px\" \/><\/figure>\n\n\n\n<p>Se voc\u00ea ainda n\u00e3o se convenceu quanto ao diferencial do Vitra, d\u00ea uma olhada no que mais o residencial oferece &#8211; <strong>\u00e9 praticamente um Beach Club particular<\/strong>.<\/p>\n\n\n\n<ul class=\"wp-block-list\">\n<li><strong>ROOFTOP COM PISCINA AQUECIDA:<\/strong> um espa\u00e7o no \u00faltimo pavimento que oferece uma vista deslumbrante da praia \u00e0 lagoa e, ainda, com piscina aquecida para usar o ano inteiro<\/li>\n\n\n\n<li><strong>SAL\u00c3O DE FESTAS:<\/strong> um espa\u00e7o descontra\u00eddo e com visual luxuoso, para fazer aquele almo\u00e7o ou jantar com os amigos e a fam\u00edlia<\/li>\n\n\n\n<li><strong>ACADEMIA: <\/strong>para manter-se saud\u00e1vel o ano inteiro, mesmo nas f\u00e9rias, o empreendimento conta com uma academia completo para uso dos moradores;<\/li>\n\n\n\n<li><strong>SPA:<\/strong> um espa\u00e7o com ofur\u00f4, especial para momentos de relaxamento.<\/li>\n<\/ul>\n\n\n\n<h3 class=\"wp-block-heading\"><strong>6) Alto \u00edndice de valoriza\u00e7\u00e3o<\/strong><\/h3>\n\n\n\n<p>O fato de o empreendimento estar localizado na praia mais cobi\u00e7ada <strong>aumenta consideravelmente seu potencial de investimento. <\/strong><\/p>\n\n\n\n<p><strong>Exemplo 1:<\/strong><\/p>\n\n\n\n<p class=\"has-very-light-gray-color has-text-color has-background\" style=\"background-color:#e93237\">A Construmac construiu um hist\u00f3rico de valoriza\u00e7\u00e3o das suas obras que at\u00e9 os investidores mais experientes se surpreenderam. Em empreendimentos recentes, <strong>apartamentos de dois dormit\u00f3rios vendidos na planta por R$ 600 mil est\u00e3o sendo revendidos por R$ 1 milh\u00e3o.<\/strong><\/p>\n\n\n\n<p><strong>Exemplo 2:<\/strong><\/p>\n\n\n\n<p class=\"has-very-light-gray-color has-text-color has-background\" style=\"background-color:#e93237\">Outro im\u00f3vel de quatro dormit\u00f3rios saiu de um investimento inicial de R$ 1,5 milh\u00e3o e, agora, passados apenas dois anos,<strong> chegou a ser negociado por R$ 4,8 milh\u00f5es.&nbsp;<\/strong><\/p>\n\n\n\n<p>A qualidade das constru\u00e7\u00f5es da empresa somada aos diferenciais do Vitra j\u00e1 mencionados tornam o residencial uma das principais apostas em termos de valoriza\u00e7\u00e3o de todo o litoral ga\u00facho.&nbsp;<\/p>\n\n\n\n<p>\u00c9 um <a href=\"https:\/\/imobiliarianovolar.net\/blog\/como-avaliar-imovel-usado-para-venda\/\">investimento seguro<\/a> com retorno garantido e acima da m\u00e9dia nacional.<\/p>\n\n\n\n<h3 class=\"wp-block-heading\"><strong>7) Condi\u00e7\u00f5es de compra facilitadas<\/strong><\/h3>\n\n\n\n<figure class=\"wp-block-image size-large\"><img loading=\"lazy\" decoding=\"async\" width=\"840\" height=\"484\" src=\"https:\/\/imobiliarianovolar.net\/blog\/wp-content\/uploads\/2020\/11\/Vitra-2.jpg\" alt=\"\" class=\"wp-image-332\" srcset=\"https:\/\/imobiliarianovolar.net\/blog\/wp-content\/uploads\/sites\/4\/2020\/11\/Vitra-2.jpg 840w, https:\/\/imobiliarianovolar.net\/blog\/wp-content\/uploads\/sites\/4\/2020\/11\/Vitra-2-300x173.jpg 300w, https:\/\/imobiliarianovolar.net\/blog\/wp-content\/uploads\/sites\/4\/2020\/11\/Vitra-2-768x443.jpg 768w\" sizes=\"auto, (max-width: 840px) 100vw, 840px\" \/><\/figure>\n\n\n\n<p>Os apartamentos no Residencial Vitra custam a partir de <strong>R$ 884 mil<\/strong>, mas h\u00e1 condi\u00e7\u00f5es facilitadas de negocia\u00e7\u00e3o.&nbsp;<\/p>\n\n\n\n<p><strong>Voc\u00ea pode dar 15% de entrada e pagar o restante em 72 parcelas, com seis refor\u00e7os.<\/strong><\/p>\n\n\n\n<p>Al\u00e9m disso, \u00e9 aceita a inclus\u00e3o de im\u00f3vel e carro como parte do pagamento.<\/p>\n\n\n\n<h2 class=\"wp-block-heading\"><strong>Visite o Residencial Vitra<\/strong> com a Novo Lar<\/h2>\n\n\n\n<p>Se interessou pelo empreendimento? Que tal fazer uma visita e receber informa\u00e7\u00f5es ainda mais detalhadas?<\/p>\n\n\n\n<p><a href=\"https:\/\/materiais.imobiliarianovolar.net\/vitra-residence\" class=\"rank-math-link\">Entre em contato com a imobili\u00e1ria Novo Lar<\/a>, agende esse encontro e tire todas as suas d\u00favidas.&nbsp;<\/p>\n\n\n\n<p>Nossos corretores conhecem todos os detalhes do empreendimento e ter\u00e3o o maior prazer em ajud\u00e1-lo(a) a realizar esse sonho.&nbsp;<\/p>\n","protected":false},"excerpt":{"rendered":"<p>Quem n\u00e3o gosta de conforto e de se sentir em casa, mesmo quando est\u00e1 de f\u00e9rias? \u00c9 por esse motivo que muita gente tem investido&#8230;<\/p>\n","protected":false},"author":6,"featured_media":327,"comment_status":"open","ping_status":"open","sticky":false,"template":"","format":"standard","meta":{"footnotes":""},"categories":[3],"tags":[],"class_list":["post-326","post","type-post","status-publish","format-standard","has-post-thumbnail","hentry","category-condominios-capao-da-canoa"],"_links":{"self":[{"href":"https:\/\/imobiliarianovolar.net\/blog\/wp-json\/wp\/v2\/posts\/326","targetHints":{"allow":["GET"]}}],"collection":[{"href":"https:\/\/imobiliarianovolar.net\/blog\/wp-json\/wp\/v2\/posts"}],"about":[{"href":"https:\/\/imobiliarianovolar.net\/blog\/wp-json\/wp\/v2\/types\/post"}],"author":[{"embeddable":true,"href":"https:\/\/imobiliarianovolar.net\/blog\/wp-json\/wp\/v2\/users\/6"}],"replies":[{"embeddable":true,"href":"https:\/\/imobiliarianovolar.net\/blog\/wp-json\/wp\/v2\/comments?post=326"}],"version-history":[{"count":2,"href":"https:\/\/imobiliarianovolar.net\/blog\/wp-json\/wp\/v2\/posts\/326\/revisions"}],"predecessor-version":[{"id":2617,"href":"https:\/\/imobiliarianovolar.net\/blog\/wp-json\/wp\/v2\/posts\/326\/revisions\/2617"}],"wp:featuredmedia":[{"embeddable":true,"href":"https:\/\/imobiliarianovolar.net\/blog\/wp-json\/wp\/v2\/media\/327"}],"wp:attachment":[{"href":"https:\/\/imobiliarianovolar.net\/blog\/wp-json\/wp\/v2\/media?parent=326"}],"wp:term":[{"taxonomy":"category","embeddable":true,"href":"https:\/\/imobiliarianovolar.net\/blog\/wp-json\/wp\/v2\/categories?post=326"},{"taxonomy":"post_tag","embeddable":true,"href":"https:\/\/imobiliarianovolar.net\/blog\/wp-json\/wp\/v2\/tags?post=326"}],"curies":[{"name":"wp","href":"https:\/\/api.w.org\/{rel}","templated":true}]}}