{"id":3037,"date":"2025-10-10T09:38:04","date_gmt":"2025-10-10T12:38:04","guid":{"rendered":"https:\/\/imobiliarianovolar.net\/blog\/?p=3037"},"modified":"2025-11-28T16:09:52","modified_gmt":"2025-11-28T19:09:52","slug":"melhores-bairros-de-porto-alegre","status":"publish","type":"post","link":"https:\/\/imobiliarianovolar.net\/blog\/melhores-bairros-de-porto-alegre\/","title":{"rendered":"Melhores bairros de Porto Alegre para morar e investir"},"content":{"rendered":"\n<p>Os <strong>melhores bairros de Porto Alegre<\/strong> re\u00fanem a diversidade da capital ga\u00facha, onde caminhar por suas ruas \u00e9 como viajar por diferentes estilos de vida \u2014 <strong>vias arborizadas e tranquilas<\/strong> convivem com <strong>centros culturais efervescentes<\/strong>, <strong>bairros bo\u00eamios<\/strong> se misturam a <strong>regi\u00f5es nobres<\/strong> e cada canto da cidade tem uma atmosfera \u00fanica.<\/p>\n\n\n\n<p>Para quem busca um lugar para <a href=\"https:\/\/imobiliarianovolar.net\/blog\/morar-em-porto-alegre\/\">morar em POA<\/a>, essa <strong>pluralidade<\/strong> \u00e9 um convite a descobrir qual bairro mais combina com seus sonhos, sua rotina e seu estilo de vida.<\/p>\n\n\n\n<p>Ao longo deste guia, vamos <strong>explorar os bairros mais reconhecidos<\/strong>, destacando suas caracter\u00edsticas, localiza\u00e7\u00e3o e os principais <a href=\"https:\/\/imobiliarianovolar.net\/blog\/pontos-turisticos-de-porto-alegre\/\" target=\"_blank\" rel=\"noreferrer noopener\">pontos tur\u00edsticos de Porto Alegre<\/a>.<\/p>\n\n\n\n<p class=\"has-white-color has-text-color has-background has-link-color wp-elements-57a30b432b83b6f727879806ed0daf3f\" style=\"background-color:#c44345\">Seja para fam\u00edlias, jovens profissionais, estudantes ou quem busca qualidade de vida em \u00e1reas nobres, Porto Alegre oferece op\u00e7\u00f5es para todos os perfis. Confira!<\/p>\n\n\n\n<h2 class=\"wp-block-heading\">Vila Assun\u00e7\u00e3o, um dos melhores bairros de Porto Alegre<\/h2>\n\n\n\n<figure class=\"wp-block-image size-full\"><img loading=\"lazy\" decoding=\"async\" width=\"840\" height=\"484\" src=\"https:\/\/imobiliarianovolar.net\/blog\/wp-content\/uploads\/sites\/4\/2025\/10\/Paroquia-Nossa-Senhora-da-Assuncao-Vila-Assuncao-diego-sallaberry.jpg\" alt=\"O bairro Vila Assun\u00e7\u00e3o, em Porto Alegre, re\u00fane tradi\u00e7\u00e3o, boa infraestrutura e pontos tur\u00edsticos\" class=\"wp-image-3047\" srcset=\"https:\/\/imobiliarianovolar.net\/blog\/wp-content\/uploads\/sites\/4\/2025\/10\/Paroquia-Nossa-Senhora-da-Assuncao-Vila-Assuncao-diego-sallaberry.jpg 840w, https:\/\/imobiliarianovolar.net\/blog\/wp-content\/uploads\/sites\/4\/2025\/10\/Paroquia-Nossa-Senhora-da-Assuncao-Vila-Assuncao-diego-sallaberry-300x173.jpg 300w, https:\/\/imobiliarianovolar.net\/blog\/wp-content\/uploads\/sites\/4\/2025\/10\/Paroquia-Nossa-Senhora-da-Assuncao-Vila-Assuncao-diego-sallaberry-768x443.jpg 768w\" sizes=\"auto, (max-width: 840px) 100vw, 840px\" \/><figcaption class=\"wp-element-caption\">Par\u00f3quia Nossa Senhora Assun\u00e7\u00e3o. Cr\u00e9ditos da imagem: Diego Sallaberry.<\/figcaption><\/figure>\n\n\n\n<p>Localizado na zona sul, o bairro Vila Assun\u00e7\u00e3o \u00e9 marcado pela <strong>proximidade com o Lago Gua\u00edba<\/strong>, oferecendo <strong>belas paisagens e tranquilidade.<\/strong> \u00c9 uma regi\u00e3o residencial, com ruas arborizadas e excelente para quem valoriza qualidade de vida e f\u00e1cil acesso a \u00e1reas verdes.<\/p>\n\n\n\n<h2 class=\"wp-block-heading\">Bairro Auxiliadora<\/h2>\n\n\n\n<p>Com localiza\u00e7\u00e3o estrat\u00e9gica pr\u00f3xima ao centro e ao bairro Moinhos de Vento, a Auxiliadora \u00e9 conhecida por seu perfil <strong>residencial de alto padr\u00e3o<\/strong>. Destaca-se pela proximidade com o <a href=\"https:\/\/www.colegioanchieta.g12.br\/\" target=\"_blank\" rel=\"noreferrer noopener\">Col\u00e9gio Anchieta<\/a> e com a <a href=\"https:\/\/www.arquidiocesepoa.org.br\/paroquias\/paroquia-nossa-senhora-auxiliadora\/\" target=\"_blank\" rel=\"noreferrer noopener\">Igreja Auxiliadora<\/a>, al\u00e9m de contar com caf\u00e9s e restaurantes sofisticados.<\/p>\n\n\n\n<h2 class=\"wp-block-heading\">Bairro Bela Vista<\/h2>\n\n\n\n<p>A Bela Vista \u00e9 um dos bairros mais nobres da capital, localizado na regi\u00e3o central. Conhecido pelos <strong>edif\u00edcios de alto padr\u00e3o<\/strong> e <strong>ruas arborizadas<\/strong>, \u00e9 muito procurado por fam\u00edlias. O <a href=\"https:\/\/gnu.com.br\/\" target=\"_blank\" rel=\"noreferrer noopener\">Gr\u00eamio N\u00e1utico Uni\u00e3o<\/a>, tradicional clube da cidade, \u00e9 um dos destaques da regi\u00e3o.<\/p>\n\n\n\n<h2 class=\"wp-block-heading\">Bairro Boa Vista<\/h2>\n\n\n\n<p>Situado na zona norte, o bairro Boa Vista \u00e9 uma <strong>\u00e1rea residencial tranquila<\/strong>, com <strong>escolas conceituadas<\/strong> e <strong>f\u00e1cil acesso a shoppings<\/strong>, como o <a href=\"https:\/\/www.bourbonshopping.com.br\/bourbon-country\/\" target=\"_blank\" rel=\"noreferrer noopener\">Bourbon Country<\/a> e o <a href=\"https:\/\/www.iguatemiportoalegre.com.br\/\" target=\"_blank\" rel=\"noreferrer noopener\">Iguatemi<\/a>. \u00c9 uma escolha estrat\u00e9gica para quem busca conveni\u00eancia e qualidade de vida.<\/p>\n\n\n\n<h2 class=\"wp-block-heading\">Bairro Bom Fim<\/h2>\n\n\n\n<figure class=\"wp-block-image size-full\"><img loading=\"lazy\" decoding=\"async\" width=\"800\" height=\"534\" src=\"https:\/\/imobiliarianovolar.net\/blog\/wp-content\/uploads\/sites\/4\/2025\/10\/redencao-Ricardo-Stricher.png\" alt=\"Parque Reden\u00e7\u00e3o, no Bairro Bom Fim, \u00e9 repleto de natureza e hist\u00f3ria de Porto Alegre\" class=\"wp-image-3039\" srcset=\"https:\/\/imobiliarianovolar.net\/blog\/wp-content\/uploads\/sites\/4\/2025\/10\/redencao-Ricardo-Stricher.png 800w, https:\/\/imobiliarianovolar.net\/blog\/wp-content\/uploads\/sites\/4\/2025\/10\/redencao-Ricardo-Stricher-300x200.png 300w, https:\/\/imobiliarianovolar.net\/blog\/wp-content\/uploads\/sites\/4\/2025\/10\/redencao-Ricardo-Stricher-768x513.png 768w\" sizes=\"auto, (max-width: 800px) 100vw, 800px\" \/><figcaption class=\"wp-element-caption\">Parque Reden\u00e7\u00e3o. Cr\u00e9ditos da imagem: Ricardo Stricher.<\/figcaption><\/figure>\n\n\n\n<p>Tradicional e bo\u00eamio, o Bom Fim \u00e9 vizinho ao <a href=\"https:\/\/prefeitura.poa.br\/smamus\/parque-farroupilha-redencao\" target=\"_blank\" rel=\"noreferrer noopener\">Parque da Reden\u00e7\u00e3o<\/a>, um dos pontos mais ic\u00f4nicos da cidade. \u00c9 um bairro <strong>culturalmente rico<\/strong>, com <strong>livrarias<\/strong>, <strong>caf\u00e9s<\/strong> e <strong>espa\u00e7os alternativos<\/strong>, muito procurado por jovens, estudantes e artistas.<\/p>\n\n\n\n<h2 class=\"wp-block-heading\">Centro Hist\u00f3rico<\/h2>\n\n\n\n<p>Cora\u00e7\u00e3o da cidade, o Centro Hist\u00f3rico re\u00fane a <strong>mem\u00f3ria e os principais marcos de Porto Alegre<\/strong>, como o <a href=\"https:\/\/destinopoa.com.br\/lugar\/mercado-publico\/\" target=\"_blank\" rel=\"noreferrer noopener\">Mercado P\u00fablico<\/a>, a <a href=\"https:\/\/catedralpoa.com.br\/\" target=\"_blank\" rel=\"noreferrer noopener\">Catedral Metropolitana<\/a> e a <a href=\"https:\/\/www.ccmq.com.br\/\" target=\"_blank\" rel=\"noreferrer noopener\">Casa de Cultura Mario Quintana<\/a>. \u00c9 indicado para quem valoriza a <strong>efervesc\u00eancia urbana<\/strong> e a praticidade de estar perto de tudo.<\/p>\n\n\n\n<h2 class=\"wp-block-heading\">Bairro Ch\u00e1cara das Pedras<\/h2>\n\n\n\n<p>Este bairro da zona norte \u00e9 conhecido por suas <strong>ruas residenciais<\/strong> e pela proximidade com o <a href=\"https:\/\/www.iguatemiportoalegre.com.br\/\" target=\"_blank\" rel=\"noreferrer noopener\">Shopping Iguatemi<\/a>. A Ch\u00e1cara das Pedras combina <strong>tranquilidade e infraestrutura<\/strong>, sendo muito valorizada por fam\u00edlias.<\/p>\n\n\n\n<h2 class=\"wp-block-heading\">Bairro Cidade Baixa<\/h2>\n\n\n\n<p>A Cidade Baixa \u00e9 sin\u00f4nimo de <strong>vida noturna em Porto Alegre<\/strong>. Com bares, pubs e restaurantes, \u00e9 o <strong>bairro mais bo\u00eamio da cidade<\/strong>. Durante o dia, tamb\u00e9m \u00e9 movimentado, gra\u00e7as \u00e0 proximidade com universidades e com o <a href=\"https:\/\/prefeitura.poa.br\/smamus\/parque-farroupilha-redencao\" target=\"_blank\" rel=\"noreferrer noopener\">Parque da Reden\u00e7\u00e3o<\/a>.<\/p>\n\n\n\n<h2 class=\"wp-block-heading\">Bairro Cristal<\/h2>\n\n\n\n<p>Na zona sul, o Cristal \u00e9 famoso pelo<a href=\"https:\/\/www.barrashoppingsul.com.br\/\" target=\"_blank\" rel=\"noreferrer noopener\"> BarraShoppingSul<\/a>, um dos maiores da cidade, e pela <strong>vista privilegiada para o Gua\u00edba<\/strong>. A regi\u00e3o mescla \u00e1reas residenciais com pontos comerciais e espa\u00e7os de lazer.<\/p>\n\n\n\n<h2 class=\"wp-block-heading\">Bairro Cristo Redentor<\/h2>\n\n\n\n<p>O bairro Cristo Redentor, na zona norte, tem como refer\u00eancia o <a href=\"https:\/\/www.ghc.com.br\/default.asp?idMenu=institucional&amp;idRegistro=127\" target=\"_blank\" rel=\"noreferrer noopener\">Hospital Cristo Redentor<\/a>. \u00c9 uma regi\u00e3o <strong>residencial tradicional<\/strong>, com com\u00e9rcio local e boas op\u00e7\u00f5es de escolas.<\/p>\n\n\n\n<h2 class=\"wp-block-heading\">Bairro Gl\u00f3ria<\/h2>\n\n\n\n<p>Localizado na zona leste, o bairro Gl\u00f3ria combina <strong>tradi\u00e7\u00e3o e infraestrutura<\/strong>. \u00c9 conhecido pela Par\u00f3quia Nossa Senhora da Gl\u00f3ria, al\u00e9m de oferecer boas op\u00e7\u00f5es de transporte p\u00fablico e com\u00e9rcio.<\/p>\n\n\n\n<h2 class=\"wp-block-heading\">Bairro Higien\u00f3polis<\/h2>\n\n\n\n<p>Higien\u00f3polis \u00e9 um dos bairros mais nobres e valorizados de Porto Alegre. Localizado pr\u00f3ximo \u00e0 Bela Vista e ao Moinhos de Vento, se destaca por seus <strong>edif\u00edcios modernos, ruas arborizadas e tranquilas<\/strong>.<\/p>\n\n\n\n<h2 class=\"wp-block-heading\">Bairro Ipanema<\/h2>\n\n\n\n<p>Na zona sul, Ipanema \u00e9 um dos <strong>bairros mais charmosos<\/strong>, com casas amplas e acesso direto ao Gua\u00edba. O p\u00f4r do sol visto da <a href=\"https:\/\/pt.wikipedia.org\/wiki\/Praia_de_Ipanema_(Porto_Alegre)\" target=\"_blank\" rel=\"noreferrer noopener\">Orla de Ipanema<\/a> <strong>\u00e9 um dos cart\u00f5es-postais mais famosos da cidade<\/strong>.<\/p>\n\n\n\n<h2 class=\"wp-block-heading\">Bairro Jardim Bot\u00e2nico<\/h2>\n\n\n\n<p>Como o nome sugere, o bairro abriga o <a href=\"https:\/\/sema.rs.gov.br\/jardimbotanicors\" target=\"_blank\" rel=\"noreferrer noopener\">Jardim Bot\u00e2nico de Porto Alegre<\/a>, <strong>espa\u00e7o verde<\/strong> refer\u00eancia em biodiversidade. \u00c9 uma<strong> regi\u00e3o tranquila e bem localizada<\/strong>, pr\u00f3xima a avenidas importantes como a Ipiranga.<\/p>\n\n\n\n<h2 class=\"wp-block-heading\">Bairro Jardim Europa<\/h2>\n\n\n\n<figure class=\"wp-block-image size-full\"><img loading=\"lazy\" decoding=\"async\" width=\"840\" height=\"484\" src=\"https:\/\/imobiliarianovolar.net\/blog\/wp-content\/uploads\/sites\/4\/2025\/10\/parque-germania-associacao-de-amigos-do-jardim-europa.jpg\" alt=\"O bairro Jardim Europa, em Porto Alegre, \u00e9 um dos mais novos e proporciona muita qualidade de vida\" class=\"wp-image-3045\" srcset=\"https:\/\/imobiliarianovolar.net\/blog\/wp-content\/uploads\/sites\/4\/2025\/10\/parque-germania-associacao-de-amigos-do-jardim-europa.jpg 840w, https:\/\/imobiliarianovolar.net\/blog\/wp-content\/uploads\/sites\/4\/2025\/10\/parque-germania-associacao-de-amigos-do-jardim-europa-300x173.jpg 300w, https:\/\/imobiliarianovolar.net\/blog\/wp-content\/uploads\/sites\/4\/2025\/10\/parque-germania-associacao-de-amigos-do-jardim-europa-768x443.jpg 768w\" sizes=\"auto, (max-width: 840px) 100vw, 840px\" \/><figcaption class=\"wp-element-caption\">Cr\u00e9ditos da imagem: Associa\u00e7\u00e3o de Amigos do Jardim Europa.<\/figcaption><\/figure>\n\n\n\n<p>Um dos bairros mais <strong>recentes e planejados da cidade<\/strong>, o Jardim Europa se consolidou com a constru\u00e7\u00e3o do <a href=\"https:\/\/www.bourbonshopping.com.br\/bourbon-country\/\" target=\"_blank\" rel=\"noreferrer noopener\">Shopping Bourbon Country<\/a> e sua vizinhan\u00e7a com a regi\u00e3o do Iguatemi. \u00c9 moderno, valorizado e atrai novos empreendimentos.<\/p>\n\n\n\n<h2 class=\"wp-block-heading\">Bairro Menino Deus<\/h2>\n\n\n\n<p>O Menino Deus \u00e9 um dos bairros mais tradicionais e queridos de Porto Alegre. Fica \u00e0s <strong>margens do Gua\u00edba<\/strong>, com ruas tranquilas, com\u00e9rcio diversificado e acesso ao <a href=\"https:\/\/prefeitura.poa.br\/smamus\/parque-marinha-do-brasil\" target=\"_blank\" rel=\"noreferrer noopener\">Parque Marinha do Brasil<\/a>.<\/p>\n\n\n\n<h2 class=\"wp-block-heading\">Bairro Moinhos de Vento<\/h2>\n\n\n\n<figure class=\"wp-block-image size-full\"><img loading=\"lazy\" decoding=\"async\" width=\"840\" height=\"484\" src=\"https:\/\/imobiliarianovolar.net\/blog\/wp-content\/uploads\/sites\/4\/2025\/10\/moinhos-de-vento.jpg\" alt=\"O bairro Moinhos de Vento \u00e9 um dos melhores bairros de Porto Alegre: natureza, parques e muita qualidade de vida\" class=\"wp-image-3044\" srcset=\"https:\/\/imobiliarianovolar.net\/blog\/wp-content\/uploads\/sites\/4\/2025\/10\/moinhos-de-vento.jpg 840w, https:\/\/imobiliarianovolar.net\/blog\/wp-content\/uploads\/sites\/4\/2025\/10\/moinhos-de-vento-300x173.jpg 300w, https:\/\/imobiliarianovolar.net\/blog\/wp-content\/uploads\/sites\/4\/2025\/10\/moinhos-de-vento-768x443.jpg 768w\" sizes=\"auto, (max-width: 840px) 100vw, 840px\" \/><figcaption class=\"wp-element-caption\">Cr\u00e9ditos da imagem: Alex Rocha.<\/figcaption><\/figure>\n\n\n\n<p>Talvez o bairro mais ic\u00f4nico da cidade, o Moinhos de Vento \u00e9 sin\u00f4nimo de <strong>sofistica\u00e7\u00e3o<\/strong>. O <a href=\"https:\/\/prefeitura.poa.br\/smamus\/parque-moinhos-de-vento-parcao\" target=\"_blank\" rel=\"noreferrer noopener\">Parc\u00e3o (Parque Moinhos de Vento)<\/a> \u00e9 o grande destaque, al\u00e9m de bares, restaurantes e shoppings de alto padr\u00e3o.<\/p>\n\n\n\n<h2 class=\"wp-block-heading\">Bairro Mont\u2019serrat<\/h2>\n\n\n\n<p>Com <strong>atmosfera residencial<\/strong> e localiza\u00e7\u00e3o privilegiada, Mont\u2019serrat \u00e9 vizinho de bairros nobres como Moinhos e Bela Vista. Possui escolas de renome e <strong>ruas arborizadas<\/strong>, muito procurado por fam\u00edlias.<\/p>\n\n\n\n<h2 class=\"wp-block-heading\">Bairro Passo d\u2019Areia<\/h2>\n\n\n\n<p>Na zona norte, o Passo d\u2019Areia \u00e9 uma <strong>regi\u00e3o em crescimento<\/strong>, com acesso ao <a href=\"https:\/\/www.bourbonshopping.com.br\/bourbon-wallig\/\" target=\"_blank\" rel=\"noreferrer noopener\">Bourbon Wallig<\/a> e proximidade com grandes vias. Oferece uma boa mistura de tranquilidade e conveni\u00eancia.<\/p>\n\n\n\n<h2 class=\"wp-block-heading\">Bairro Petr\u00f3polis<\/h2>\n\n\n\n<p>Um dos bairros mais valorizados da zona leste, Petr\u00f3polis \u00e9 conhecido por suas <strong>ruas residenciais e pr\u00e9dios de alto padr\u00e3o<\/strong>. A <a href=\"https:\/\/destinopoa.com.br\/artigo\/praca-da-encol-o-coracao-do-bairro-bela-vista\/\" target=\"_blank\" rel=\"noreferrer noopener\">Pra\u00e7a da Encol<\/a> \u00e9 um dos seus principais marcos.<\/p>\n\n\n\n<h2 class=\"wp-block-heading\">Bairro Praia de Belas<\/h2>\n\n\n\n<p>Com localiza\u00e7\u00e3o estrat\u00e9gica pr\u00f3xima ao centro, o bairro Praia de Belas se destaca pelo <a href=\"https:\/\/iguatemi.com.br\/praiadebelas\" target=\"_blank\" rel=\"noreferrer noopener\">Shopping Praia de Belas<\/a> e pela proximidade com o <a href=\"https:\/\/prefeitura.poa.br\/smamus\/parque-marinha-do-brasil\" target=\"_blank\" rel=\"noreferrer noopener\">Parque Marinha do Brasil<\/a>. \u00c9 uma regi\u00e3o <strong>bem servida de infraestrutura<\/strong>.<\/p>\n\n\n\n<h2 class=\"wp-block-heading\">Bairro Rio Branco<\/h2>\n\n\n\n<p>Rio Branco \u00e9 um <strong>bairro residencial com f\u00e1cil acesso ao Moinhos de Vento e ao Bom Fim<\/strong>. Possui escolas tradicionais, como o Col\u00e9gio Leonardo da Vinci, e ruas tranquilas.<\/p>\n\n\n\n<h2 class=\"wp-block-heading\">Bairro Santa Cec\u00edlia<\/h2>\n\n\n\n<p>Com perfil universit\u00e1rio, o bairro Santa Cec\u00edlia \u00e9 pr\u00f3ximo \u00e0 <a href=\"https:\/\/www.pucrs.br\/\" target=\"_blank\" rel=\"noreferrer noopener\">PUCRS<\/a> e \u00e0 <a href=\"https:\/\/www.ufrgs.br\/\" target=\"_blank\" rel=\"noreferrer noopener\">UFRGS<\/a>. Tem <strong>vida movimentada<\/strong>, com op\u00e7\u00f5es de bares, restaurantes e com\u00e9rcio local.<\/p>\n\n\n\n<h2 class=\"wp-block-heading\">Bairro Sarandi<\/h2>\n\n\n\n<p>Na zona norte, Sarandi \u00e9 um <strong>bairro em expans\u00e3o<\/strong>, com grandes condom\u00ednios residenciais e acesso facilitado a rodovias. \u00c9 uma regi\u00e3o procurada por quem busca <strong>op\u00e7\u00f5es mais acess\u00edveis<\/strong>.<\/p>\n\n\n\n<h2 class=\"wp-block-heading\">Bairro Teres\u00f3polis<\/h2>\n\n\n\n<p>Na zona sul, Teres\u00f3polis \u00e9 conhecido por suas \u00e1reas residenciais tranquilas e pela proximidade com o <a href=\"https:\/\/pt.wikipedia.org\/wiki\/Est%C3%A1dio_Ol%C3%ADmpico_Monumental\" target=\"_blank\" rel=\"noreferrer noopener\">Est\u00e1dio Ol\u00edmpico Monumental<\/a>, antiga casa do Gr\u00eamio. \u00c9 um bairro <strong>tradicional e bem estruturado<\/strong>.<\/p>\n\n\n\n<h2 class=\"wp-block-heading\">Bairro Tr\u00eas Figueiras<\/h2>\n\n\n\n<figure class=\"wp-block-image size-full\"><img loading=\"lazy\" decoding=\"async\" width=\"840\" height=\"484\" src=\"https:\/\/imobiliarianovolar.net\/blog\/wp-content\/uploads\/sites\/4\/2025\/10\/figueiras-ospa-gabriel-konrath.jpg\" alt=\"O bairro Tr\u00eas Figueiras, em Porto Alegre, \u00e9 conhecido pelos im\u00f3veis de alto padr\u00e3o com arquitetura moderna\" class=\"wp-image-3048\" srcset=\"https:\/\/imobiliarianovolar.net\/blog\/wp-content\/uploads\/sites\/4\/2025\/10\/figueiras-ospa-gabriel-konrath.jpg 840w, https:\/\/imobiliarianovolar.net\/blog\/wp-content\/uploads\/sites\/4\/2025\/10\/figueiras-ospa-gabriel-konrath-300x173.jpg 300w, https:\/\/imobiliarianovolar.net\/blog\/wp-content\/uploads\/sites\/4\/2025\/10\/figueiras-ospa-gabriel-konrath-768x443.jpg 768w\" sizes=\"auto, (max-width: 840px) 100vw, 840px\" \/><figcaption class=\"wp-element-caption\">Cr\u00e9ditos da imagem: Ricardo Konrath.<\/figcaption><\/figure>\n\n\n\n<p>Um dos bairros mais nobres e exclusivos da capital, Tr\u00eas Figueiras \u00e9 famoso por seus <strong>im\u00f3veis de alto padr\u00e3o, com arquitetura moderna<\/strong>, e pelo <a href=\"https:\/\/www.colegioanchieta.g12.br\/\" target=\"_blank\" rel=\"noreferrer noopener\">Col\u00e9gio Anchieta<\/a>. \u00c9 sin\u00f4nimo de sofistica\u00e7\u00e3o e tranquilidade.<\/p>\n\n\n\n<h2 class=\"wp-block-heading\">Bairro Tristeza<\/h2>\n\n\n\n<p>Situado na zona sul, o bairro Tristeza \u00e9 conhecido pela <strong>atmosfera acolhedora<\/strong> e pelas belas <strong>vistas para o Gua\u00edba<\/strong>. Possui com\u00e9rcio diversificado e uma das orlas mais agrad\u00e1veis da cidade.<\/p>\n\n\n\n<p>Escolher entre os melhores bairros de Porto Alegre \u00e9, acima de tudo, escolher um <strong>estilo de vida<\/strong>.<\/p>\n\n\n\n<p>Alguns oferecem a <strong>efervesc\u00eancia cultural e bo\u00eamia<\/strong>, como a Cidade Baixa e o Bom Fim; outros prezam pela <strong>sofistica\u00e7\u00e3o e tranquilidade<\/strong>, como Moinhos de Vento e Tr\u00eas Figueiras; e h\u00e1 ainda aqueles que encantam com a <strong>natureza e a proximidade com o Gua\u00edba<\/strong>, como Ipanema e Tristeza.<\/p>\n\n\n\n<p class=\"has-white-color has-text-color has-background has-link-color wp-elements-b85179ddfa09d1ea0676f3c5014bcd62\" style=\"background-color:#c44345\">Cada bairro carrega sua identidade e seu charme, e entender essas diferen\u00e7as \u00e9 essencial para tomar uma decis\u00e3o assertiva na hora de escolher um im\u00f3vel.&nbsp;<\/p>\n\n\n\n<p>Porto Alegre \u00e9 uma <strong>cidade plural<\/strong>, que atende a <strong>diferentes perfis e necessidades<\/strong>, oferecendo qualidade de vida em todos os cantos.<\/p>\n\n\n\n<p>Gostou deste guia? Ent\u00e3o <strong>deixe seu coment\u00e1rio<\/strong> contando qual desses bairros mais combina com voc\u00ea e n\u00e3o esque\u00e7a de se inscrever em nossa Newsletter para receber mais conte\u00fados exclusivos sobre Porto Alegre.<\/p>\n\n\n\n<p class=\"has-white-color has-text-color has-background has-link-color wp-elements-e835cfdfa7a6273ad58d5d2aea36cad0\" style=\"background-color:#5b2125\">E se voc\u00ea est\u00e1 pensando em comprar seu im\u00f3vel em um desses bairros, entre em contato com a equipe da <a href=\"https:\/\/www.imobiliarianovolar.net\/\" target=\"_blank\" rel=\"noreferrer noopener\">Imobili\u00e1ria Novo Lar<\/a>. Nossos corretores est\u00e3o prontos para ajudar voc\u00ea a encontrar o lar dos seus sonhos na capital ga\u00facha!<\/p>\n","protected":false},"excerpt":{"rendered":"<p>Os melhores bairros de Porto Alegre re\u00fanem a diversidade da capital ga\u00facha, onde caminhar por suas ruas \u00e9 como viajar por diferentes estilos de vida&#8230;<\/p>\n","protected":false},"author":6,"featured_media":3206,"comment_status":"open","ping_status":"open","sticky":false,"template":"","format":"standard","meta":{"footnotes":""},"categories":[22],"tags":[],"class_list":["post-3037","post","type-post","status-publish","format-standard","has-post-thumbnail","hentry","category-porto-alegre"],"_links":{"self":[{"href":"https:\/\/imobiliarianovolar.net\/blog\/wp-json\/wp\/v2\/posts\/3037","targetHints":{"allow":["GET"]}}],"collection":[{"href":"https:\/\/imobiliarianovolar.net\/blog\/wp-json\/wp\/v2\/posts"}],"about":[{"href":"https:\/\/imobiliarianovolar.net\/blog\/wp-json\/wp\/v2\/types\/post"}],"author":[{"embeddable":true,"href":"https:\/\/imobiliarianovolar.net\/blog\/wp-json\/wp\/v2\/users\/6"}],"replies":[{"embeddable":true,"href":"https:\/\/imobiliarianovolar.net\/blog\/wp-json\/wp\/v2\/comments?post=3037"}],"version-history":[{"count":5,"href":"https:\/\/imobiliarianovolar.net\/blog\/wp-json\/wp\/v2\/posts\/3037\/revisions"}],"predecessor-version":[{"id":3205,"href":"https:\/\/imobiliarianovolar.net\/blog\/wp-json\/wp\/v2\/posts\/3037\/revisions\/3205"}],"wp:featuredmedia":[{"embeddable":true,"href":"https:\/\/imobiliarianovolar.net\/blog\/wp-json\/wp\/v2\/media\/3206"}],"wp:attachment":[{"href":"https:\/\/imobiliarianovolar.net\/blog\/wp-json\/wp\/v2\/media?parent=3037"}],"wp:term":[{"taxonomy":"category","embeddable":true,"href":"https:\/\/imobiliarianovolar.net\/blog\/wp-json\/wp\/v2\/categories?post=3037"},{"taxonomy":"post_tag","embeddable":true,"href":"https:\/\/imobiliarianovolar.net\/blog\/wp-json\/wp\/v2\/tags?post=3037"}],"curies":[{"name":"wp","href":"https:\/\/api.w.org\/{rel}","templated":true}]}}