{"id":2099,"date":"2024-02-22T14:01:48","date_gmt":"2024-02-22T17:01:48","guid":{"rendered":"https:\/\/imobiliarianovolar.net\/blog\/?p=2099"},"modified":"2024-11-15T17:37:11","modified_gmt":"2024-11-15T20:37:11","slug":"porque-contratar-um-arquiteto","status":"publish","type":"post","link":"https:\/\/imobiliarianovolar.net\/blog\/porque-contratar-um-arquiteto\/","title":{"rendered":"Por que contratar um arquiteto: 7 motivos + inspira\u00e7\u00f5es de luxo"},"content":{"rendered":"\n<p>Imagine a cena: voc\u00ea adquiriu o im\u00f3vel dos seus sonhos e est\u00e1 pronto para entrar e morar.<\/p>\n\n\n\n<p>S\u00f3 que, ao entrar, descobre alguns problemas estruturais: <strong>piso inadequado, c\u00f4modos quentes, falta de tomadas\u2026<\/strong><\/p>\n\n\n\n<p>Bate um desespero s\u00f3 de pensar, n\u00e3o \u00e9?<\/p>\n\n\n\n<p>E sabe como isso pode ser evitado?<\/p>\n\n\n\n<p><strong>Contratando um bom arquiteto!<\/strong><\/p>\n\n\n\n<p>Esse profissional \u00e9 essencial para voc\u00ea que est\u00e1 construindo uma casa do zero ou para quem est\u00e1 adquirindo um im\u00f3vel novo e vai reform\u00e1-lo.<\/p>\n\n\n\n<p>Neste artigo ressaltamos a import\u00e2ncia do arquiteto em transformar uma casa em um lar e trazemos algumas dicas:<\/p>\n\n\n\n<p>Quais motivos voc\u00ea tem para contratar um, <strong>dicas para ficar de olho e inspira\u00e7\u00f5es para a sua pr\u00f3xima reforma.&nbsp;<\/strong><\/p>\n\n\n\n<p>Confira:<\/p>\n\n\n\n<h2 class=\"wp-block-heading\"><strong>7 motivos para contratar um bom arquiteto<\/strong><\/h2>\n\n\n\n<h3 class=\"wp-block-heading\"><strong>1. Economia pro seu bolso ao apresentar o melhor custo-benef\u00edcio<\/strong><\/h3>\n\n\n\n<p>O arquiteto \u00e9 um profissional que est\u00e1 acostumado a trabalhar pesquisando os melhores pre\u00e7os de tudo que ele prop\u00f5e.<\/p>\n\n\n\n<p>Fechando um projeto com um bom profissional, pode ter certeza de que ele vai te entregar n\u00e3o apenas o im\u00f3vel dos seus sonhos, mas tamb\u00e9m <strong>muita economia para seu bolso<\/strong>.<\/p>\n\n\n\n<p>Por exemplo: ao propor um certo tipo de ilumina\u00e7\u00e3o, ele pode levar em conta a ilumina\u00e7\u00e3o natural do im\u00f3vel, o que pode refletir na sua conta de luz mensal \u2013 em muita economia.<\/p>\n\n\n\n<h3 class=\"wp-block-heading\"><strong>2. Otimiza\u00e7\u00e3o de tempo e recursos<\/strong><\/h3>\n\n\n\n<p>Contar com algu\u00e9m que vai projetar sua pr\u00f3xima reforma \u00e9 uma \u00f3tima forma de economizar tempo \u2013 e garantir que os recursos financeiros e materiais <strong>sejam gastos da melhor forma<\/strong>.<\/p>\n\n\n\n<p>E o arquiteto \u00e9 o profissional ideal para isso.<\/p>\n\n\n\n<p>Pode confiar: ao fazer o projeto, ele j\u00e1 vai calcular de antem\u00e3o tudo que precisar\u00e1 e quais <strong>imprevistos podem surgir.&nbsp;<\/strong><\/p>\n\n\n\n<p>Assim, voc\u00ea pode economizar algumas noites de sono e <strong>n\u00e3o criar falsas expectativas<\/strong> com os prazos, que podem virar frustra\u00e7\u00e3o mais tarde.<\/p>\n\n\n\n<h3 class=\"wp-block-heading\"><strong>3. Sele\u00e7\u00e3o de materiais<\/strong><\/h3>\n\n\n\n<p>O arquiteto vai ajudar a escolher os melhores materiais para o seu projeto.<\/p>\n\n\n\n<p>Para aqueles que est\u00e3o indo morar em seu primeiro im\u00f3vel ou at\u00e9 para os mais experientes, escolher desde a tinta para a parede at\u00e9 o piso que voc\u00ea vai colocar em cada c\u00f4modo <strong>pode ser dif\u00edcil e cansativo.<\/strong><\/p>\n\n\n\n<p>Com um profissional de confian\u00e7a, essa etapa vai se tornar at\u00e9 divertida!&nbsp;<\/p>\n\n\n\n<p>Ele vai garantir que suas prefer\u00eancias sejam levadas em conta e tamb\u00e9m que voc\u00ea entenda as <strong>vantagens e desvantagens de cada material.<\/strong><\/p>\n\n\n\n<h3 class=\"wp-block-heading\"><strong>4. Valoriza\u00e7\u00e3o do ambiente<\/strong><\/h3>\n\n\n\n<p>Voc\u00ea j\u00e1 entrou em um ambiente e pensou:&nbsp;<\/p>\n\n\n\n<p>\u201cNossa, com certeza essa casa foi projetada por um arquiteto!\u201d de t\u00e3o <strong>elegante e de bom gosto<\/strong> que era o im\u00f3vel?<\/p>\n\n\n\n<p><strong>Esse \u201ctoque do arquiteto\u201d valoriza \u2013 e muito \u2013 qualquer constru\u00e7\u00e3o!<\/strong><\/p>\n\n\n\n<p>Isso \u00e9 \u00f3timo para seu conforto enquanto voc\u00ea morar no im\u00f3vel e tamb\u00e9m se decidir vend\u00ea-lo.<\/p>\n\n\n\n<p>Afinal <strong>ser\u00e1 mais valorizado<\/strong> e consequentemente aumentar\u00e1 o valor na hora da venda.<\/p>\n\n\n\n<h3 class=\"wp-block-heading\"><strong>5. Seguran\u00e7a<\/strong><\/h3>\n\n\n\n<p>J\u00e1 parou para pensar que o arquiteto tamb\u00e9m vai prezar pela sua seguran\u00e7a e da sua fam\u00edlia?<\/p>\n\n\n\n<p>No projeto, <strong>o profissional vai pensar cada detalhe<\/strong> \u2013 desde o piso antiderrapante no box do banheiro ou na \u00e1rea da piscina, at\u00e9 a porta com maior seguran\u00e7a na hora de fechar.<\/p>\n\n\n\n<h3 class=\"wp-block-heading\"><strong>6. Planejamento e conforto<\/strong><\/h3>\n\n\n\n<p>Talvez a maior vantagem de contratar um bom arquiteto \u00e9 <strong>poder se planejar<\/strong>.<\/p>\n\n\n\n<p>Afinal, com ele, voc\u00ea consegue prever como (e quando!) seu projeto ficar\u00e1 pronto.<\/p>\n\n\n\n<p>Ele montar\u00e1 um <strong>cronograma<\/strong> pensando desde a pegada das chaves at\u00e9 a data que voc\u00ea quer ir morar \u2013 tudo sempre priorizando seu conforto, claro.<\/p>\n\n\n\n<p>E al\u00e9m disso, o planejamento e conforto tamb\u00e9m inclui as <strong>decis\u00f5es do que vai em cada canto da casa<\/strong>, como no caso das tomadas, de um arm\u00e1rio e da disposi\u00e7\u00e3o do escrit\u00f3rio.<\/p>\n\n\n\n<p>Isso vai garantir que o projeto seja <strong>vi\u00e1vel e confort\u00e1vel<\/strong> no dia a dia.<\/p>\n\n\n\n<h3 class=\"wp-block-heading\"><strong>7. Acesso aos fornecedores<\/strong><\/h3>\n\n\n\n<p>Por ser um profissional da \u00e1rea, o arquiteto acaba tendo acesso a diversos fornecedores e consegue garantir a <strong>melhor qualidade e pre\u00e7o<\/strong> nos materiais.<\/p>\n\n\n\n<p>Contar com um bom arquiteto \u00e9 ter acesso a uma rede de fornecedores que vai al\u00e9m das grandes redes.<\/p>\n\n\n\n<h2 class=\"wp-block-heading\"><strong>Dicas para ficar de olho ao contratar o arquiteto<\/strong><\/h2>\n\n\n\n<figure class=\"wp-block-image size-full\"><img loading=\"lazy\" decoding=\"async\" width=\"840\" height=\"484\" src=\"https:\/\/imobiliarianovolar.net\/blog\/wp-content\/uploads\/sites\/4\/2024\/02\/Dicas-para-ficar-de-olho-ao-contratar-o-arquiteto.jpg\" alt=\"Dicas para ficar de olho ao contratar o arquiteto\" class=\"wp-image-2105\" srcset=\"https:\/\/imobiliarianovolar.net\/blog\/wp-content\/uploads\/sites\/4\/2024\/02\/Dicas-para-ficar-de-olho-ao-contratar-o-arquiteto.jpg 840w, https:\/\/imobiliarianovolar.net\/blog\/wp-content\/uploads\/sites\/4\/2024\/02\/Dicas-para-ficar-de-olho-ao-contratar-o-arquiteto-300x173.jpg 300w, https:\/\/imobiliarianovolar.net\/blog\/wp-content\/uploads\/sites\/4\/2024\/02\/Dicas-para-ficar-de-olho-ao-contratar-o-arquiteto-768x443.jpg 768w\" sizes=\"auto, (max-width: 840px) 100vw, 840px\" \/><\/figure>\n\n\n\n<h3 class=\"wp-block-heading\"><strong>Analise o portf\u00f3lio do profissional<\/strong><\/h3>\n\n\n\n<p>Analisar o portf\u00f3lio de qualquer profissional \u00e9 importante para entender seu<strong> estilo e habilidades t\u00e9cnicas.<\/strong><\/p>\n\n\n\n<p>Mas, ao contratar um arquiteto, \u00e9 mais importante ainda!<\/p>\n\n\n\n<p>Voc\u00ea precisa se identificar com o profissional para que ele seja capaz de<strong> traduzir as suas necessidades e desejos<\/strong> em espa\u00e7os funcionais e est\u00e9ticamente atraentes.<\/p>\n\n\n\n<p>O portf\u00f3lio oferece uma vis\u00e3o abrangente dos projetos anteriores do arquiteto, permitindo que os potenciais clientes <strong>avaliem sua experi\u00eancia<\/strong> em diferentes tipos de constru\u00e7\u00f5es.&nbsp;<\/p>\n\n\n\n<p>N\u00e3o deixe de pesquisar refer\u00eancias antigas do seu arquiteto!<\/p>\n\n\n\n<h3 class=\"wp-block-heading\"><strong>Entenda qual o estilo do arquiteto<\/strong><\/h3>\n\n\n\n<p>Entender o que voc\u00ea quer \u00e9 importante porque cada arquiteto tem seu estilo pr\u00f3prio.<\/p>\n\n\n\n<p>Eles carregam uma bagagem \u00fanica de <strong>refer\u00eancias, prefer\u00eancias e perspectivas<\/strong> que ir\u00e3o se refletir em suas cria\u00e7\u00f5es.&nbsp;&nbsp;<\/p>\n\n\n\n<p>Al\u00e9m disso, a diversidade de demandas e contextos de cada projeto tamb\u00e9m contribui para a cria\u00e7\u00e3o de estilos distintos.<\/p>\n\n\n\n<p>O que permite aos arquitetos desenvolverem uma linguagem pr\u00f3pria que se <strong>adapte \u00e0s necessidades espec\u00edficas de cada cliente<\/strong> e localiza\u00e7\u00e3o.<\/p>\n\n\n\n<h3 class=\"wp-block-heading\"><strong>Pe\u00e7a indica\u00e7\u00e3o dos seus amigos<\/strong><\/h3>\n\n\n\n<p>Sabe aquele amigo que tem um gosto parecido com o seu?<\/p>\n\n\n\n<p>Pe\u00e7a indica\u00e7\u00e3o para ele!<\/p>\n\n\n\n<p>Trabalhar com um profissional que j\u00e1 atendeu algu\u00e9m que a gente conhece \u00e9 meio caminho para o sucesso.&nbsp;<\/p>\n\n\n\n<p>Por isso, pergunte nas redes sociais ou para os amigos pr\u00f3ximos <strong>quem tem um bom profissional para indicar.<\/strong><\/p>\n\n\n\n<h3 class=\"wp-block-heading\"><strong>Saiba com quais fornecedores ele trabalha<\/strong><\/h3>\n\n\n\n<p>Converse com seu arquiteto para entender se ele trabalha com fornecedores de <strong>qualidade e confian\u00e7a.<\/strong><\/p>\n\n\n\n<p>Afinal, voc\u00ea n\u00e3o quer ficar na m\u00e3o por uma tomada de m\u00e1 qualidade, correto?<\/p>\n\n\n\n<h3 class=\"wp-block-heading\"><strong>Confirme o registro no CAU<\/strong><\/h3>\n\n\n\n<p>Para sua seguran\u00e7a, sempre tenha certeza de que est\u00e1 trabalhando com um arquiteto licenciado pelo <strong>conselho de arquitetura local<\/strong>.<\/p>\n\n\n\n<p>No Rio Grande do Sul, <a href=\"https:\/\/caurs.gov.br\/\" target=\"_blank\" rel=\"noopener\">voc\u00ea pode ter mais informa\u00e7\u00f5es dos arquitetos no site do CAU\/RS<\/a>.&nbsp;<\/p>\n\n\n\n<h3 class=\"wp-block-heading\"><strong>Tenha esclarecido tudo o que est\u00e1 dentro do or\u00e7amento<\/strong><\/h3>\n\n\n\n<p>Antes de come\u00e7ar o projeto, <strong>coloque tudo na ponta do l\u00e1pis<\/strong> (ou na planilha do Excel): incluindo comiss\u00e3o, valores adicionais, multas&#8230;<\/p>\n\n\n\n<p>\u00c9 importante que voc\u00ea tenha clareza do que est\u00e1 contratando.<\/p>\n\n\n\n<p>Se poss\u00edvel, fa\u00e7a um <strong>contrato formal com o arquiteto<\/strong>.&nbsp;<\/p>\n\n\n\n<p>Dessa forma, voc\u00ea se resguardar\u00e1 juridicamente!<\/p>\n\n\n\n<h2 class=\"wp-block-heading\"><strong>Im\u00f3veis em Cap\u00e3o da Canoa com arquiteturas incr\u00edveis para se inspirar<\/strong>&nbsp;<\/h2>\n\n\n\n<h3 class=\"wp-block-heading\">1) <strong>Sobrado com uma arquitetura de tirar suspiros<\/strong><\/h3>\n\n\n\n<figure class=\"wp-block-image size-full\"><img loading=\"lazy\" decoding=\"async\" width=\"840\" height=\"484\" src=\"https:\/\/imobiliarianovolar.net\/blog\/wp-content\/uploads\/sites\/4\/2024\/02\/Sobrado-com-uma-arquitetura-de-tirar-suspiros.jpg\" alt=\"Sobrado com uma arquitetura de tirar suspiros\" class=\"wp-image-2108\" srcset=\"https:\/\/imobiliarianovolar.net\/blog\/wp-content\/uploads\/sites\/4\/2024\/02\/Sobrado-com-uma-arquitetura-de-tirar-suspiros.jpg 840w, https:\/\/imobiliarianovolar.net\/blog\/wp-content\/uploads\/sites\/4\/2024\/02\/Sobrado-com-uma-arquitetura-de-tirar-suspiros-300x173.jpg 300w, https:\/\/imobiliarianovolar.net\/blog\/wp-content\/uploads\/sites\/4\/2024\/02\/Sobrado-com-uma-arquitetura-de-tirar-suspiros-768x443.jpg 768w\" sizes=\"auto, (max-width: 840px) 100vw, 840px\" \/><\/figure>\n\n\n\n<p>Este imponente <a href=\"https:\/\/imobiliarianovolar.net\/imovel\/NL10115123\/sobrado-5-quartos-velas-da-marina-capao-da-canoa\/venda\/\">sobrado em Velas da Marina<\/a>, Cap\u00e3o da Canoa, impressiona \u00e0 primeira vista com sua <strong>arquitetura contempor\u00e2nea e fachada imponente<\/strong>.<\/p>\n\n\n\n<p>Destaca-se pela sua <strong>harmonia e propor\u00e7\u00e3o<\/strong>, com janelas amplas que permitem a entrada abundante de luz natural, conferindo uma <strong>sensa\u00e7\u00e3o de amplitude<\/strong> e leveza ao espa\u00e7o.<\/p>\n\n\n\n<p>Suas <strong>5 su\u00edtes<\/strong> com detalhes cuidadosamente trabalhados adicionam um toque de sofistica\u00e7\u00e3o, criando uma atmosfera de modernidade e requinte.<\/p>\n\n\n\n<p>A <strong>\u00e1rea gourmet<\/strong> deste im\u00f3vel \u00e9 um convite \u00e0 conviv\u00eancia familiar.&nbsp;<\/p>\n\n\n\n<p>A escolha cuidadosa dos materiais convida os moradores a desfrutar de momentos relaxantes em meio \u00e0 beleza serena do ambiente.<\/p>\n\n\n\n<h3 class=\"wp-block-heading\"><strong>2) Casa luxuosa com 6 dormit\u00f3rios em condom\u00ednio fechado<\/strong><\/h3>\n\n\n\n<figure class=\"wp-block-image size-full\"><img loading=\"lazy\" decoding=\"async\" width=\"840\" height=\"484\" src=\"https:\/\/imobiliarianovolar.net\/blog\/wp-content\/uploads\/sites\/4\/2024\/02\/Casa-luxuosa-com-6-dormitorios-em-condominio-fechado.jpg\" alt=\"Casa luxuosa com 6 dormit\u00f3rios em condom\u00ednio fechado\" class=\"wp-image-2104\" srcset=\"https:\/\/imobiliarianovolar.net\/blog\/wp-content\/uploads\/sites\/4\/2024\/02\/Casa-luxuosa-com-6-dormitorios-em-condominio-fechado.jpg 840w, https:\/\/imobiliarianovolar.net\/blog\/wp-content\/uploads\/sites\/4\/2024\/02\/Casa-luxuosa-com-6-dormitorios-em-condominio-fechado-300x173.jpg 300w, https:\/\/imobiliarianovolar.net\/blog\/wp-content\/uploads\/sites\/4\/2024\/02\/Casa-luxuosa-com-6-dormitorios-em-condominio-fechado-768x443.jpg 768w\" sizes=\"auto, (max-width: 840px) 100vw, 840px\" \/><\/figure>\n\n\n\n<p>Essa deslumbrante casa em condom\u00ednio localizada <strong>Velas da Marina, em Cap\u00e3o da Canoa<\/strong>, cativa os olhos com sua arquitetura imponente e sofisticada.<\/p>\n\n\n\n<p>Tais caracter\u00edsticas se estendem por <strong>todos os ambientes<\/strong>.<\/p>\n\n\n\n<p>Os banheiros, em particular, destacam-se pela sua <strong>eleg\u00e2ncia e funcionalidade<\/strong>, com revestimentos refinados, pias de design moderno e <strong>acabamentos de alta qualidade<\/strong>.<\/p>\n\n\n\n<p>H\u00e1 <a href=\"https:\/\/imobiliarianovolar.net\/blog\/banheiros-modernos\/\">diferentes estilos de banheiro<\/a>, inclusive um integrado com o quarto, o que demonstra ainda mais a <strong>arquitetura luxuosa do im\u00f3vel.<\/strong><\/p>\n\n\n\n<p>O papel do arquiteto se mostra presente principalmente na ilumina\u00e7\u00e3o:&nbsp;<\/p>\n\n\n\n<p>Ela desempenha um papel fundamental na <strong>valoriza\u00e7\u00e3o desses espa\u00e7os<\/strong>, criando uma atmosfera acolhedora e relaxante.&nbsp;<\/p>\n\n\n\n<p>Com grandes janelas que permitem a entrada abundante de luz natural, h\u00e1 um contraste de <strong>pontos de ilumina\u00e7\u00e3o<\/strong> estrategicamente posicionados.<\/p>\n\n\n\n<p>Dessa maneira os detalhes arquitet\u00f4nicos s\u00e3o real\u00e7ados e o toque de glamour na casa \u00e9 garantido.<\/p>\n\n\n\n<h3 class=\"wp-block-heading\"><strong>3) Casa em condom\u00ednio com 6 dormit\u00f3rios no Velas da Marina<\/strong><\/h3>\n\n\n\n<figure class=\"wp-block-image size-full\"><img loading=\"lazy\" decoding=\"async\" width=\"840\" height=\"484\" src=\"https:\/\/imobiliarianovolar.net\/blog\/wp-content\/uploads\/sites\/4\/2024\/02\/Casa-em-condominio-com-6-dormitorios-no-Velas-da-Marina.jpg\" alt=\"Casa em condom\u00ednio com 6 dormit\u00f3rios no Velas da Marina\" class=\"wp-image-2102\" srcset=\"https:\/\/imobiliarianovolar.net\/blog\/wp-content\/uploads\/sites\/4\/2024\/02\/Casa-em-condominio-com-6-dormitorios-no-Velas-da-Marina.jpg 840w, https:\/\/imobiliarianovolar.net\/blog\/wp-content\/uploads\/sites\/4\/2024\/02\/Casa-em-condominio-com-6-dormitorios-no-Velas-da-Marina-300x173.jpg 300w, https:\/\/imobiliarianovolar.net\/blog\/wp-content\/uploads\/sites\/4\/2024\/02\/Casa-em-condominio-com-6-dormitorios-no-Velas-da-Marina-768x443.jpg 768w\" sizes=\"auto, (max-width: 840px) 100vw, 840px\" \/><\/figure>\n\n\n\n<p><a href=\"https:\/\/imobiliarianovolar.net\/imovel\/NL08014\/casa-em-condominio-6-quartos-velas-da-marina-capao-da-canoa\/venda\/\">Esta casa<\/a> tamb\u00e9m localizada no Velas da Marina, na cidade de Cap\u00e3o da Canoa, apresenta uma <strong>escada que n\u00e3o passa despercebida<\/strong>.<\/p>\n\n\n\n<p>Com um design arrojado e contempor\u00e2neo, a escada \u00e9 muito mais do que um simples elemento de liga\u00e7\u00e3o entre os andares &#8211; <strong>\u00e9 um objeto de decora\u00e7\u00e3o de gosto fino<\/strong>.<\/p>\n\n\n\n<p>A arquitetura da escada \u00e9 ainda mais valorizada pela sua integra\u00e7\u00e3o perfeita com o restante da casa:<\/p>\n\n\n\n<p>Ela cria uma t<strong>ransi\u00e7\u00e3o suave entre os diferentes n\u00edveis<\/strong> e contribui para uma sensa\u00e7\u00e3o de fluidez e harmonia no espa\u00e7o.<\/p>\n\n\n\n<p>O living integrado possuindo <strong>5 ambientes<\/strong> e ampla lareira revestida em <strong>Bronze Armany <\/strong>d\u00e1 o charme final a esta sala.<\/p>\n\n\n\n<p>Todos os ambientes e dormit\u00f3rios s\u00e3o climatizados, ela vem <strong>totalmente mobiliada e decorada <\/strong>finamente com cores neutras, construindo um lar aconchegante.<\/p>\n\n\n\n<p>Nos fundos da mans\u00e3o, al\u00e9m de um encantador jardim projetado, voc\u00ea encontra um revestimento em deck com um bel\u00edssimo, prazeroso e confort\u00e1vel <strong>SPA com aquecimento e cascata.<\/strong><\/p>\n\n\n\n<h3 class=\"wp-block-heading\"><strong>4) Casa em condom\u00ednio com piscina panor\u00e2mica e borda infinita<\/strong><\/h3>\n\n\n\n<figure class=\"wp-block-image size-full\"><img loading=\"lazy\" decoding=\"async\" width=\"840\" height=\"484\" src=\"https:\/\/imobiliarianovolar.net\/blog\/wp-content\/uploads\/sites\/4\/2024\/02\/Casa-em-condominio-com-piscina-panoramica-e-borda-infinita.jpg\" alt=\"Casa em condom\u00ednio com piscina panor\u00e2mica e borda infinita\" class=\"wp-image-2103\" srcset=\"https:\/\/imobiliarianovolar.net\/blog\/wp-content\/uploads\/sites\/4\/2024\/02\/Casa-em-condominio-com-piscina-panoramica-e-borda-infinita.jpg 840w, https:\/\/imobiliarianovolar.net\/blog\/wp-content\/uploads\/sites\/4\/2024\/02\/Casa-em-condominio-com-piscina-panoramica-e-borda-infinita-300x173.jpg 300w, https:\/\/imobiliarianovolar.net\/blog\/wp-content\/uploads\/sites\/4\/2024\/02\/Casa-em-condominio-com-piscina-panoramica-e-borda-infinita-768x443.jpg 768w\" sizes=\"auto, (max-width: 840px) 100vw, 840px\" \/><\/figure>\n\n\n\n<p>A <strong>seguran\u00e7a de uma casa em <\/strong><a href=\"https:\/\/imobiliarianovolar.net\/blog\/como-funciona-condomio-fechado\/\"><strong>condom\u00ednio fechado<\/strong><\/a> no Velas da Marina, em Cap\u00e3o da Canoa, com o <strong>conforto de uma piscina panor\u00e2mica<\/strong>: a perfei\u00e7\u00e3o existe!<\/p>\n\n\n\n<p><a href=\"https:\/\/imobiliarianovolar.net\/imovel\/NL10111129\/casa-em-condominio-4-quartos-velas-da-marina-capao-da-canoa\/venda\/\"><strong>Essa casa com 4 su\u00edtes<\/strong><\/a> \u00e9 um verdadeiro ref\u00fagio \u00e0 beira-mar, e sua piscina \u00e9 o ponto central desse o\u00e1sis de tranquilidade e lazer.<\/p>\n\n\n\n<p>Com um design elegante e propor\u00e7\u00f5es generosas, a piscina \u00e9 um convite irresist\u00edvel para <strong>momentos de relaxamento e divers\u00e3o em fam\u00edlia<\/strong>.<\/p>\n\n\n\n<p>Seu <strong>revestimento em pastilhas cer\u00e2micas<\/strong> confere um toque de sofistica\u00e7\u00e3o e durabilidade, enquanto as bordas em pedra natural proporcionam um acabamento refinado e est\u00e9tico.<\/p>\n\n\n\n<p>O condom\u00ednio ainda conta com uma infraestrutura completa:<\/p>\n\n\n\n<ul class=\"wp-block-list\">\n<li>Acesso \u00e0 lagoa particular;<\/li>\n\n\n\n<li>2 sal\u00f5es de festa;<\/li>\n\n\n\n<li>Espa\u00e7o gourmet;<\/li>\n\n\n\n<li>2 campos de futebol<\/li>\n\n\n\n<li>Quadra de t\u00eanis e muito mais.<\/li>\n<\/ul>\n\n\n\n<h3 class=\"wp-block-heading\"><strong>5) Sobrado cheio de personalidade<\/strong><\/h3>\n\n\n\n<figure class=\"wp-block-image size-full\"><img loading=\"lazy\" decoding=\"async\" width=\"840\" height=\"484\" src=\"https:\/\/imobiliarianovolar.net\/blog\/wp-content\/uploads\/sites\/4\/2024\/02\/Sobrado-cheio-de-personalidade.jpg\" alt=\"Sobrado cheio de personalidade\" class=\"wp-image-2107\" srcset=\"https:\/\/imobiliarianovolar.net\/blog\/wp-content\/uploads\/sites\/4\/2024\/02\/Sobrado-cheio-de-personalidade.jpg 840w, https:\/\/imobiliarianovolar.net\/blog\/wp-content\/uploads\/sites\/4\/2024\/02\/Sobrado-cheio-de-personalidade-300x173.jpg 300w, https:\/\/imobiliarianovolar.net\/blog\/wp-content\/uploads\/sites\/4\/2024\/02\/Sobrado-cheio-de-personalidade-768x443.jpg 768w\" sizes=\"auto, (max-width: 840px) 100vw, 840px\" \/><\/figure>\n\n\n\n<p><a href=\"https:\/\/imobiliarianovolar.net\/imovel\/NL10114104\/casa-em-condominio-4-quartos-velas-da-marina-capao-da-canoa\/venda\/\">Essa not\u00e1vel casa em condom\u00ednio<\/a> se destaca imediatamente por seu estilo arquitet\u00f4nico <strong>singular e inovador<\/strong>.<\/p>\n\n\n\n<p>Em contraste com as resid\u00eancias convencionais da regi\u00e3o, esta propriedade apresenta uma abordagem ousada e contempor\u00e2nea no design:<\/p>\n\n\n\n<p>Incorpora elementos arquitet\u00f3nicos distintivos que a tornam uma <strong>verdadeira obra de arte.<\/strong><\/p>\n\n\n\n<p>Com linhas angulares e formas geom\u00e9tricas, d\u00e1 para ver que <strong>o arquiteto tinha um estilo muito \u00fanico.<\/strong><\/p>\n\n\n\n<p>A fachada da casa tem uma est\u00e9tica moderna e minimalista que atrai os olhares e <strong>desperta a curiosidade dos espectadores.<\/strong><\/p>\n\n\n\n<p>Os ambientes internos s\u00e3o marcados por uma mistura \u00fanica de materiais, como concreto aparente, vidro, metal e madeira, que criam uma atmosfera <strong>contempor\u00e2nea e sofisticada<\/strong>.<\/p>\n\n\n\n<p>Al\u00e9m disso, a integra\u00e7\u00e3o inteligente de \u00e1reas internas e externas, enfatiza a conex\u00e3o entre o design arrojado desta casa e a natureza, trazendo uma sensa\u00e7\u00e3o diferente e fora do padr\u00e3o.<\/p>\n\n\n\n<h2 class=\"wp-block-heading\"><strong>Toques de requinte e conforto<\/strong><\/h2>\n\n\n\n<p>Deu pra ver que <strong>\u00e9 s\u00f3 vantagem<\/strong> contratar um arquiteto para sua obra, n\u00e9?<\/p>\n\n\n\n<p>Se depois desse artigo com certeza voc\u00ea est\u00e1 inspirado a contratar um bom arquiteto, ent\u00e3o convidamos voc\u00ea a conhecer <a href=\"https:\/\/imobiliarianovolar.net\/blog\/arquitetos-em-capao-da-canoa\/\"><strong>alguns nomes renomados em Cap\u00e3o da Canoa!<\/strong><\/a><\/p>\n\n\n\n<p>E que tal n\u00e3o perder mais nenhum conte\u00fado como esse?<\/p>\n\n\n\n<p>Se inscreva agora na nossa newsletter! Assim voc\u00ea fica por dentro do que h\u00e1 de mais novo no mercado imobili\u00e1rio e n\u00e3o perde nenhuma tend\u00eancia.<\/p>\n","protected":false},"excerpt":{"rendered":"<p>Imagine a cena: voc\u00ea adquiriu o im\u00f3vel dos seus sonhos e est\u00e1 pronto para entrar e morar. S\u00f3 que, ao entrar, descobre alguns problemas estruturais:&#8230;<\/p>\n","protected":false},"author":6,"featured_media":2106,"comment_status":"open","ping_status":"open","sticky":false,"template":"","format":"standard","meta":{"footnotes":""},"categories":[4],"tags":[],"class_list":["post-2099","post","type-post","status-publish","format-standard","has-post-thumbnail","hentry","category-decoracao-e-arquitetura"],"_links":{"self":[{"href":"https:\/\/imobiliarianovolar.net\/blog\/wp-json\/wp\/v2\/posts\/2099","targetHints":{"allow":["GET"]}}],"collection":[{"href":"https:\/\/imobiliarianovolar.net\/blog\/wp-json\/wp\/v2\/posts"}],"about":[{"href":"https:\/\/imobiliarianovolar.net\/blog\/wp-json\/wp\/v2\/types\/post"}],"author":[{"embeddable":true,"href":"https:\/\/imobiliarianovolar.net\/blog\/wp-json\/wp\/v2\/users\/6"}],"replies":[{"embeddable":true,"href":"https:\/\/imobiliarianovolar.net\/blog\/wp-json\/wp\/v2\/comments?post=2099"}],"version-history":[{"count":4,"href":"https:\/\/imobiliarianovolar.net\/blog\/wp-json\/wp\/v2\/posts\/2099\/revisions"}],"predecessor-version":[{"id":2116,"href":"https:\/\/imobiliarianovolar.net\/blog\/wp-json\/wp\/v2\/posts\/2099\/revisions\/2116"}],"wp:featuredmedia":[{"embeddable":true,"href":"https:\/\/imobiliarianovolar.net\/blog\/wp-json\/wp\/v2\/media\/2106"}],"wp:attachment":[{"href":"https:\/\/imobiliarianovolar.net\/blog\/wp-json\/wp\/v2\/media?parent=2099"}],"wp:term":[{"taxonomy":"category","embeddable":true,"href":"https:\/\/imobiliarianovolar.net\/blog\/wp-json\/wp\/v2\/categories?post=2099"},{"taxonomy":"post_tag","embeddable":true,"href":"https:\/\/imobiliarianovolar.net\/blog\/wp-json\/wp\/v2\/tags?post=2099"}],"curies":[{"name":"wp","href":"https:\/\/api.w.org\/{rel}","templated":true}]}}