{"id":1610,"date":"2025-03-07T11:00:00","date_gmt":"2025-03-07T14:00:00","guid":{"rendered":"https:\/\/imobiliarianovolar.net\/blog\/?p=1205"},"modified":"2026-01-16T11:30:28","modified_gmt":"2026-01-16T14:30:28","slug":"top-cozinhas-capao-da-canoa","status":"publish","type":"post","link":"https:\/\/imobiliarianovolar.net\/blog\/top-cozinhas-capao-da-canoa\/","title":{"rendered":"Top 6 cozinhas incr\u00edveis em Cap\u00e3o da Canoa"},"content":{"rendered":"\n<p>A cozinha \u00e9 um dos ambientes mais importantes de uma casa, afinal de contas, muitos momentos em fam\u00edlia e amigos s\u00e3o passados nela.<\/p>\n\n\n\n<p>Pensando nisso, a<strong> <\/strong><a href=\"https:\/\/imobiliarianovolar.net\/\"><strong>Imobili\u00e1ria Novo Lar<\/strong><\/a> montou esse top 6 especial para voc\u00ea que quer conhecer algumas das cozinhas mais deslumbrantes de <a href=\"https:\/\/imobiliarianovolar.net\/blog\/qualidade-de-vida-capao-da-canoa\/\"><strong>Cap\u00e3o da Canoa<\/strong><\/a> e Xangri-l\u00e1.<\/p>\n\n\n\n<p>Algumas no estilo aberto, outras no estilo americano, mas todas com muita decora\u00e7\u00e3o de tirar o f\u00f4lego e muita beleza.<\/p>\n\n\n\n<p>Acompanhe e inspire-se!<\/p>\n\n\n\n<h2 class=\"wp-block-heading\"><strong>1. Uma casa cl\u00e1ssica, com uma cozinha deslumbrante<\/strong><\/h2>\n\n\n\n<figure class=\"wp-block-image size-full\"><img loading=\"lazy\" decoding=\"async\" width=\"840\" height=\"484\" src=\"https:\/\/imobiliarianovolar.net\/blog\/wp-content\/uploads\/sites\/4\/2022\/11\/1.-Uma-casa-classica-com-uma-cozinha-deslumbrante.jpg\" alt=\"1. Uma casa cl\u00e1ssica, com uma cozinha deslumbrante\" class=\"wp-image-2696\" srcset=\"https:\/\/imobiliarianovolar.net\/blog\/wp-content\/uploads\/sites\/4\/2022\/11\/1.-Uma-casa-classica-com-uma-cozinha-deslumbrante.jpg 840w, https:\/\/imobiliarianovolar.net\/blog\/wp-content\/uploads\/sites\/4\/2022\/11\/1.-Uma-casa-classica-com-uma-cozinha-deslumbrante-300x173.jpg 300w, https:\/\/imobiliarianovolar.net\/blog\/wp-content\/uploads\/sites\/4\/2022\/11\/1.-Uma-casa-classica-com-uma-cozinha-deslumbrante-768x443.jpg 768w\" sizes=\"auto, (max-width: 840px) 100vw, 840px\" \/><\/figure>\n\n\n\n<p>Temos de concordar que <strong>a cozinha \u00e9 o cora\u00e7\u00e3o de uma casa<\/strong>, n\u00e3o \u00e9 mesmo?&nbsp;<\/p>\n\n\n\n<p>Nossa primeira cozinha \u00e9 um convite ao conv\u00edvio social e a intera\u00e7\u00e3o.<\/p>\n\n\n\n<p>Com uma <strong>ilha central imponente<\/strong> e<strong> uma bancada com toques do mais fino m\u00e1rmore branco<\/strong>, aqui voc\u00ea vai encontrar a mais perfeita combina\u00e7\u00e3o entre sofistica\u00e7\u00e3o e funcionalidade.<\/p>\n\n\n\n<p>Com <strong>arm\u00e1rios super planejados, no estilo mais cl\u00e1ssico e vintage<\/strong> ao mesmo tempo, a cozinha conversa com o estilo da casa que \u00e9 um verdadeiro luxo refinado.<\/p>\n\n\n\n<p>A ilumina\u00e7\u00e3o tamb\u00e9m n\u00e3o fica para tr\u00e1s, com um <strong>elegante lustre e pequenos focos de luz<\/strong>, que permitem controlar a ilumina\u00e7\u00e3o de acordo com a ocasi\u00e3o.<\/p>\n\n\n\n<p>O ch\u00e3o de m\u00e1rmore reflete a luz natural, e d\u00e1 a esta cozinha<strong> uma vibe super clean<\/strong>, al\u00e9m de ser resistente e super f\u00e1cil de limpar.<\/p>\n\n\n\n<figure class=\"wp-block-image size-full\"><img loading=\"lazy\" decoding=\"async\" width=\"840\" height=\"484\" src=\"https:\/\/imobiliarianovolar.net\/blog\/wp-content\/uploads\/sites\/4\/2022\/11\/1.-Uma-casa-classica-com-uma-cozinha-deslumbrante_2.jpg\" alt=\"1. Uma casa cl\u00e1ssica, com uma cozinha deslumbrante_2\" class=\"wp-image-2697\" srcset=\"https:\/\/imobiliarianovolar.net\/blog\/wp-content\/uploads\/sites\/4\/2022\/11\/1.-Uma-casa-classica-com-uma-cozinha-deslumbrante_2.jpg 840w, https:\/\/imobiliarianovolar.net\/blog\/wp-content\/uploads\/sites\/4\/2022\/11\/1.-Uma-casa-classica-com-uma-cozinha-deslumbrante_2-300x173.jpg 300w, https:\/\/imobiliarianovolar.net\/blog\/wp-content\/uploads\/sites\/4\/2022\/11\/1.-Uma-casa-classica-com-uma-cozinha-deslumbrante_2-768x443.jpg 768w\" sizes=\"auto, (max-width: 840px) 100vw, 840px\" \/><\/figure>\n\n\n\n<p>Esta cozinha aberta permite uma integra\u00e7\u00e3o fluida com a sala de jantar, que comporta 12 pessoas de maneira refinada, oferecendo conforto sem igual para fazer as suas refei\u00e7\u00f5es.<\/p>\n\n\n\n<div class=\"wp-block-buttons is-content-justification-center is-layout-flex wp-container-core-buttons-is-layout-51f7783f wp-block-buttons-is-layout-flex\">\n<div class=\"wp-block-button has-custom-font-size has-medium-font-size\"><a class=\"wp-block-button__link has-white-color has-text-color has-background has-link-color has-text-align-center wp-element-button\" href=\"https:\/\/imobiliarianovolar.net\/imovel\/NL10113991\/Casa-com-4-dormit%C3%B3rios-em-Xangri-L%C3%A1-Condom%C3%ADnio-Enseada\/Casa%20em%20Condom%C3%ADnio\/\" style=\"background-color:#e1d8cc\"><strong>Confira mais detalhes dessa cozinha deslumbrante!<\/strong><\/a><\/div>\n<\/div>\n\n\n\n<h2 class=\"wp-block-heading\"><strong>2. Uma linda cozinha gourmet para chamar de sua!<\/strong><\/h2>\n\n\n\n<figure class=\"wp-block-image size-full\"><img loading=\"lazy\" decoding=\"async\" width=\"840\" height=\"484\" src=\"https:\/\/imobiliarianovolar.net\/blog\/wp-content\/uploads\/sites\/4\/2022\/11\/2.-Uma-linda-cozinha-gourmet-para-chamar-de-sua.jpg\" alt=\"2. Uma linda cozinha gourmet para chamar de sua\" class=\"wp-image-2698\" srcset=\"https:\/\/imobiliarianovolar.net\/blog\/wp-content\/uploads\/sites\/4\/2022\/11\/2.-Uma-linda-cozinha-gourmet-para-chamar-de-sua.jpg 840w, https:\/\/imobiliarianovolar.net\/blog\/wp-content\/uploads\/sites\/4\/2022\/11\/2.-Uma-linda-cozinha-gourmet-para-chamar-de-sua-300x173.jpg 300w, https:\/\/imobiliarianovolar.net\/blog\/wp-content\/uploads\/sites\/4\/2022\/11\/2.-Uma-linda-cozinha-gourmet-para-chamar-de-sua-768x443.jpg 768w\" sizes=\"auto, (max-width: 840px) 100vw, 840px\" \/><\/figure>\n\n\n\n<p>A nossa segunda cozinha n\u00e3o perde em nada para a primeira quando o assunto \u00e9 <strong>personalidade<\/strong>.<\/p>\n\n\n\n<p>Chegou a hora de relaxar com os amigos e dividir uma refei\u00e7\u00e3o?&nbsp;<\/p>\n\n\n\n<p>Vamos para esta fina <strong>cozinha gourmet<\/strong>, cuja decora\u00e7\u00e3o encanta pelo equil\u00edbrio entre aconchego e praticidade.<\/p>\n\n\n\n<p>O seu design \u00e9 bem moderno, com <strong>tons escuros e detalhes em m\u00e1rmore escuro e madeira<\/strong>, com espa\u00e7o de armazenamento otimizado para tudo que voc\u00ea precisar guardar.<\/p>\n\n\n\n<p>O amplo espa\u00e7o integra-se harmoniosamente com a \u00e1rea externa por meio de portas de vidro,<strong> proporcionando ilumina\u00e7\u00e3o natural abundante<\/strong>.<\/p>\n\n\n\n<p>O destaque fica para a <strong>bancada em madeira<\/strong>, que acomoda at\u00e9 10 pessoas com conforto, ideal para reunir fam\u00edlia e amigos em momentos inesquec\u00edveis.<\/p>\n\n\n\n<p>Os acabamentos s\u00e3o de alto padr\u00e3o com<strong> churrasqueira embutida e cooktop<\/strong>, e a ilumina\u00e7\u00e3o projetada, com pendentes dourados que adicionam charme ao ambiente.&nbsp;<\/p>\n\n\n\n<p>Al\u00e9m disso, a cozinha conta com uma <strong>adega climatizada<\/strong> e um <strong>refrigerador moderno<\/strong>, complementando a experi\u00eancia gastron\u00f4mica com o m\u00e1ximo de requinte.<\/p>\n\n\n\n<figure class=\"wp-block-image size-full\"><img loading=\"lazy\" decoding=\"async\" width=\"840\" height=\"484\" src=\"https:\/\/imobiliarianovolar.net\/blog\/wp-content\/uploads\/sites\/4\/2022\/11\/2.-Uma-linda-cozinha-gourmet-para-chamar-de-sua_2.jpg\" alt=\"2. Uma linda cozinha gourmet para chamar de sua_2\" class=\"wp-image-2699\" srcset=\"https:\/\/imobiliarianovolar.net\/blog\/wp-content\/uploads\/sites\/4\/2022\/11\/2.-Uma-linda-cozinha-gourmet-para-chamar-de-sua_2.jpg 840w, https:\/\/imobiliarianovolar.net\/blog\/wp-content\/uploads\/sites\/4\/2022\/11\/2.-Uma-linda-cozinha-gourmet-para-chamar-de-sua_2-300x173.jpg 300w, https:\/\/imobiliarianovolar.net\/blog\/wp-content\/uploads\/sites\/4\/2022\/11\/2.-Uma-linda-cozinha-gourmet-para-chamar-de-sua_2-768x443.jpg 768w\" sizes=\"auto, (max-width: 840px) 100vw, 840px\" \/><\/figure>\n\n\n\n<p>E essa \u00e9 s\u00f3 a cozinha da \u00e1rea gourmet deste deslumbrante&nbsp; im\u00f3vel!&nbsp;<\/p>\n\n\n\n<p>Veja a cozinha interna da casa a seguir.<\/p>\n\n\n\n<div class=\"wp-block-buttons is-content-justification-center is-layout-flex wp-container-core-buttons-is-layout-16018d1d wp-block-buttons-is-layout-flex\">\n<div class=\"wp-block-button\"><a class=\"wp-block-button__link has-white-color has-text-color has-background has-link-color has-text-align-center wp-element-button\" href=\"https:\/\/imobiliarianovolar.net\/imovel\/NL10110971\/Casa-com-4-dormit%C3%B3rios-em-Cap%C3%A3o-Da-Canoa-Condom%C3%ADnio-Velas-da-marina\/Casa%20em%20Condom%C3%ADnio\/\" style=\"background-color:#e1d8cc\"><strong>Clique aqui e confira mais detalhes!<\/strong><\/a><\/div>\n<\/div>\n\n\n\n<h2 class=\"wp-block-heading\"><strong><strong>3. Uma cozinha na \u00e1rea gourmet e outra na \u00e1rea interna da casa<\/strong><\/strong><\/h2>\n\n\n\n<figure class=\"wp-block-image size-full\"><img loading=\"lazy\" decoding=\"async\" width=\"840\" height=\"484\" src=\"https:\/\/imobiliarianovolar.net\/blog\/wp-content\/uploads\/sites\/4\/2022\/11\/3.-Uma-cozinha-na-area-gourmet-e-outra-na-area-interna-da-casa.jpg\" alt=\"3. Uma cozinha na \u00e1rea gourmet e outra na \u00e1rea interna da casa\" class=\"wp-image-2700\" srcset=\"https:\/\/imobiliarianovolar.net\/blog\/wp-content\/uploads\/sites\/4\/2022\/11\/3.-Uma-cozinha-na-area-gourmet-e-outra-na-area-interna-da-casa.jpg 840w, https:\/\/imobiliarianovolar.net\/blog\/wp-content\/uploads\/sites\/4\/2022\/11\/3.-Uma-cozinha-na-area-gourmet-e-outra-na-area-interna-da-casa-300x173.jpg 300w, https:\/\/imobiliarianovolar.net\/blog\/wp-content\/uploads\/sites\/4\/2022\/11\/3.-Uma-cozinha-na-area-gourmet-e-outra-na-area-interna-da-casa-768x443.jpg 768w\" sizes=\"auto, (max-width: 840px) 100vw, 840px\" \/><\/figure>\n\n\n\n<p>Essa cozinha \u00e9 da \u00e1rea interna da casa e apresenta <strong>puro charme e sofistica\u00e7\u00e3o<\/strong>, feita para quem ama um <strong>espa\u00e7o moderno, bem iluminado e super aconchegante.<\/strong><\/p>\n\n\n\n<p>Afinal, quem n\u00e3o gostaria de acordar tomando um caf\u00e9 aqui?<\/p>\n\n\n\n<p><strong>A ilha central rouba a cena de primeira<\/strong>, com seu m\u00e1rmore branco de veios dourados, oferecendo um espa\u00e7o \u00fanico tanto para cozinhar quanto para reunir quem voc\u00ea ama.&nbsp;<\/p>\n\n\n\n<p>O ambiente \u00e9 amplo, <strong>com p\u00e9-direito alto e grandes janelas<\/strong> que trazem bastante luz natural.&nbsp;<\/p>\n\n\n\n<p>As paredes em madeira ripada trazem acolhimento, combinando perfeitamente com o porcelanato de m\u00e1rmore branco, que deixa tudo mais elegante.<\/p>\n\n\n\n<p><strong>O cooktop embutido deixa tudo mais pr\u00e1tico<\/strong>, os arm\u00e1rios planejados tem um design clean, com acabamento brilhante que reflete a luz e d\u00e1 um ar de requinte e sofistica\u00e7\u00e3o.&nbsp;<\/p>\n\n\n\n<p><strong>Os nichos iluminados s\u00e3o perfeitos para expor objetos decorativos<\/strong>, e o LED embutido real\u00e7a ainda mais a parede marmorizada, deixando o visual impec\u00e1vel.<\/p>\n\n\n\n<figure class=\"wp-block-image size-full\"><img loading=\"lazy\" decoding=\"async\" width=\"840\" height=\"484\" src=\"https:\/\/imobiliarianovolar.net\/blog\/wp-content\/uploads\/sites\/4\/2022\/11\/3.-Uma-cozinha-na-area-gourmet-e-outra-na-area-interna-da-casa_2.jpg\" alt=\"3. Uma cozinha na \u00e1rea gourmet e outra na \u00e1rea interna da casa_2\" class=\"wp-image-2701\" srcset=\"https:\/\/imobiliarianovolar.net\/blog\/wp-content\/uploads\/sites\/4\/2022\/11\/3.-Uma-cozinha-na-area-gourmet-e-outra-na-area-interna-da-casa_2.jpg 840w, https:\/\/imobiliarianovolar.net\/blog\/wp-content\/uploads\/sites\/4\/2022\/11\/3.-Uma-cozinha-na-area-gourmet-e-outra-na-area-interna-da-casa_2-300x173.jpg 300w, https:\/\/imobiliarianovolar.net\/blog\/wp-content\/uploads\/sites\/4\/2022\/11\/3.-Uma-cozinha-na-area-gourmet-e-outra-na-area-interna-da-casa_2-768x443.jpg 768w\" sizes=\"auto, (max-width: 840px) 100vw, 840px\" \/><\/figure>\n\n\n\n<p>J\u00e1 as cortinas leves suavizam a luz e deixam o ambiente elegante sem que a decora\u00e7\u00e3o fique pesada.<\/p>\n\n\n\n<p>As<strong> banquetas em couro caramelo com base dourada<\/strong> completam o ambiente com muito estilo e conforto.<\/p>\n\n\n\n<div class=\"wp-block-buttons is-content-justification-center is-layout-flex wp-container-core-buttons-is-layout-16018d1d wp-block-buttons-is-layout-flex\">\n<div class=\"wp-block-button\"><a class=\"wp-block-button__link has-white-color has-text-color has-background has-link-color has-text-align-center wp-element-button\" href=\"https:\/\/imobiliarianovolar.net\/imovel\/NL10110971\/Casa-com-4-dormit%C3%B3rios-em-Cap%C3%A3o-Da-Canoa-Condom%C3%ADnio-Velas-da-marina\/Casa%20em%20Condom%C3%ADnio\/\" style=\"background-color:#e1d8cc\"><strong>Veja mais detalhes desta cozinha de alto n\u00edvel e inspire-se!<\/strong><\/a><\/div>\n<\/div>\n\n\n\n<h2 class=\"wp-block-heading\"><strong>4. Um charme \u00e0 parte&nbsp;&nbsp;<\/strong><\/h2>\n\n\n\n<figure class=\"wp-block-image size-full\"><img loading=\"lazy\" decoding=\"async\" width=\"840\" height=\"484\" src=\"https:\/\/imobiliarianovolar.net\/blog\/wp-content\/uploads\/sites\/4\/2022\/11\/4.-Um-charme-a-parte-.jpg\" alt=\"4. Um charme \u00e0 parte\u00a0\" class=\"wp-image-2702\" srcset=\"https:\/\/imobiliarianovolar.net\/blog\/wp-content\/uploads\/sites\/4\/2022\/11\/4.-Um-charme-a-parte-.jpg 840w, https:\/\/imobiliarianovolar.net\/blog\/wp-content\/uploads\/sites\/4\/2022\/11\/4.-Um-charme-a-parte--300x173.jpg 300w, https:\/\/imobiliarianovolar.net\/blog\/wp-content\/uploads\/sites\/4\/2022\/11\/4.-Um-charme-a-parte--768x443.jpg 768w\" sizes=\"auto, (max-width: 840px) 100vw, 840px\" \/><\/figure>\n\n\n\n<p>Misturando o cl\u00e1ssico e o moderno de um jeito bem harmonioso, essa cozinha \u00e9 simplesmente deslumbrante e inspiradora.&nbsp;<\/p>\n\n\n\n<p>Come\u00e7ando pelos <strong>arm\u00e1rios brancos com detalhes dourados<\/strong> que transparecem eleg\u00e2ncia, aqui n\u00e3o vai faltar espa\u00e7o para guardar o que voc\u00ea precisa.<\/p>\n\n\n\n<p>Suas<strong> portas de vidro<\/strong> nas partes superiores ajudam a deixar o ambiente mais leve, al\u00e9m de serem perfeitas para <strong>exibir lou\u00e7as e outros itens de decora\u00e7\u00e3o<\/strong>.<\/p>\n\n\n\n<p>O<strong> revestimento em m\u00e1rmore<\/strong>, tanto nas paredes quanto nas bancadas e no piso, traz uma sensa\u00e7\u00e3o de amplitude e luminosidade.&nbsp;<\/p>\n\n\n\n<p>O m\u00e1rmore requintado tem veios suaves e naturais que adicionam textura no visual, deixando o ambiente clean e ao mesmo tempo bem charmoso e aconchegante.<\/p>\n\n\n\n<p>Uma bancada contorna a cozinha, oferecendo bastante espa\u00e7o para preparo de refei\u00e7\u00f5es, contando tamb\u00e9m com um lava-lou\u00e7as de inox, que \u00e9 super pr\u00e1tico para o dia a dia.&nbsp;<\/p>\n\n\n\n<p>E, falando em praticidade, o <strong>cooktop embutido fica estrategicamente posicionado<\/strong>, garantindo um \u00f3timo fluxo na cozinha.<\/p>\n\n\n\n<figure class=\"wp-block-image size-full\"><img loading=\"lazy\" decoding=\"async\" width=\"840\" height=\"484\" src=\"https:\/\/imobiliarianovolar.net\/blog\/wp-content\/uploads\/sites\/4\/2022\/11\/4.-Um-charme-a-parte-_2.jpg\" alt=\"4. Um charme \u00e0 parte\u00a0_2\" class=\"wp-image-2703\" srcset=\"https:\/\/imobiliarianovolar.net\/blog\/wp-content\/uploads\/sites\/4\/2022\/11\/4.-Um-charme-a-parte-_2.jpg 840w, https:\/\/imobiliarianovolar.net\/blog\/wp-content\/uploads\/sites\/4\/2022\/11\/4.-Um-charme-a-parte-_2-300x173.jpg 300w, https:\/\/imobiliarianovolar.net\/blog\/wp-content\/uploads\/sites\/4\/2022\/11\/4.-Um-charme-a-parte-_2-768x443.jpg 768w\" sizes=\"auto, (max-width: 840px) 100vw, 840px\" \/><\/figure>\n\n\n\n<p>A ilumina\u00e7\u00e3o natural tamb\u00e9m \u00e9 um ponto alto, gra\u00e7as \u00e0s janelas ao redor da casa que trazem luz e uma vista agrad\u00e1vel.&nbsp;<\/p>\n\n\n\n<p>Detalhes como a planta no balc\u00e3o trazem vida e cor ao ambiente.&nbsp;<\/p>\n\n\n\n<p>E o melhor? Voc\u00ea pode adicionar ainda mais elementos para deixar o espa\u00e7o com a sua cara.<\/p>\n\n\n\n<div class=\"wp-block-buttons is-content-justification-center is-layout-flex wp-container-core-buttons-is-layout-16018d1d wp-block-buttons-is-layout-flex\">\n<div class=\"wp-block-button is-style-fill\"><a class=\"wp-block-button__link has-background has-text-align-center wp-element-button\" href=\"https:\/\/imobiliarianovolar.net\/imovel\/NL10114295\/Casa-com-5-dormit%C3%B3rios-em-Cap%C3%A3o-Da-Canoa%2C-Rs-Condom%C3%ADnio-Xangri-l%C3%A1\/Casa%20em%20Condom%C3%ADnio\/\" style=\"background-color:#e1d8cc\"><strong>Clique aqui para ver mais sobre esta cozinha!<\/strong><\/a><\/div>\n<\/div>\n\n\n\n<h2 class=\"wp-block-heading\"><strong>5. Cozinha, \u00e1rea gourmet e de lazer integradas<\/strong><\/h2>\n\n\n\n<figure class=\"wp-block-image size-full\"><img loading=\"lazy\" decoding=\"async\" width=\"840\" height=\"484\" src=\"https:\/\/imobiliarianovolar.net\/blog\/wp-content\/uploads\/sites\/4\/2022\/11\/5.-Cozinha-area-gourmet-e-de-lazer-integradas.jpg\" alt=\"5. Cozinha, \u00e1rea gourmet e de lazer integradas\" class=\"wp-image-2704\" srcset=\"https:\/\/imobiliarianovolar.net\/blog\/wp-content\/uploads\/sites\/4\/2022\/11\/5.-Cozinha-area-gourmet-e-de-lazer-integradas.jpg 840w, https:\/\/imobiliarianovolar.net\/blog\/wp-content\/uploads\/sites\/4\/2022\/11\/5.-Cozinha-area-gourmet-e-de-lazer-integradas-300x173.jpg 300w, https:\/\/imobiliarianovolar.net\/blog\/wp-content\/uploads\/sites\/4\/2022\/11\/5.-Cozinha-area-gourmet-e-de-lazer-integradas-768x443.jpg 768w\" sizes=\"auto, (max-width: 840px) 100vw, 840px\" \/><\/figure>\n\n\n\n<p>Esta cozinha \u00e9<strong> cheia de personalidade e com um design \u00fanico<\/strong>, que voc\u00ea encontra em pouqu\u00edssimos lugares.<\/p>\n\n\n\n<p>O primeiro detalhe que chama a aten\u00e7\u00e3o \u00e9 o<strong> uso da madeira ripada<\/strong> cobrindo praticamente tudo.&nbsp;<\/p>\n\n\n\n<p><strong>\u00c9 isso mesmo que voc\u00ea leu. Tudo<\/strong>.&nbsp;<\/p>\n\n\n\n<p>Teto, paredes e mobili\u00e1rio, s\u00e3o cobertos pela cor da madeira, o que traz uma <strong>sensa\u00e7\u00e3o de continuidade <\/strong>de forma bem audaciosa.&nbsp;<\/p>\n\n\n\n<p>O contraste com o piso de cimento queimado deixa aquela impress\u00e3o <a href=\"https:\/\/imobiliarianovolar.net\/blog\/decoracao-industrial\/\">moderna e industrial<\/a>, equilibrando bem com os materiais naturais.<\/p>\n\n\n\n<p><strong>A cozinha \u00e9 totalmente integrada \u00e0 \u00e1rea social e externa<\/strong>, o que faz dela perfeita para receber amigos e fam\u00edlia &#8211; seja no ver\u00e3o ou no inverno.<\/p>\n\n\n\n<figure class=\"wp-block-image size-full\"><img loading=\"lazy\" decoding=\"async\" width=\"840\" height=\"484\" src=\"https:\/\/imobiliarianovolar.net\/blog\/wp-content\/uploads\/sites\/4\/2022\/11\/5.-Cozinha-area-gourmet-e-de-lazer-integradas_2.jpg\" alt=\"5. Cozinha, \u00e1rea gourmet e de lazer integradas_2\" class=\"wp-image-2705\" srcset=\"https:\/\/imobiliarianovolar.net\/blog\/wp-content\/uploads\/sites\/4\/2022\/11\/5.-Cozinha-area-gourmet-e-de-lazer-integradas_2.jpg 840w, https:\/\/imobiliarianovolar.net\/blog\/wp-content\/uploads\/sites\/4\/2022\/11\/5.-Cozinha-area-gourmet-e-de-lazer-integradas_2-300x173.jpg 300w, https:\/\/imobiliarianovolar.net\/blog\/wp-content\/uploads\/sites\/4\/2022\/11\/5.-Cozinha-area-gourmet-e-de-lazer-integradas_2-768x443.jpg 768w\" sizes=\"auto, (max-width: 840px) 100vw, 840px\" \/><\/figure>\n\n\n\n<p>A ilha central \u00e9 um espet\u00e1culo \u00e0 parte, com uma<strong> bancada de pedra<\/strong> <strong>clara<\/strong> que complementa perfeitamente a madeira e cria um espa\u00e7o funcional para qualquer ocasi\u00e3o.&nbsp;<\/p>\n\n\n\n<p>Os<strong> bancos altos com estofado claro<\/strong> s\u00e3o confort\u00e1veis e ajudam a refor\u00e7ar esse clima acolhedor.<\/p>\n\n\n\n<p>A cozinha conta com um<strong> cooktop embutido, forno duplo, uma geladeira grande e&nbsp; lava-lou\u00e7as embutida<\/strong>, tudo muito bem planejado e organizado de forma discreta.<\/p>\n\n\n\n<p>E um detalhe bacana:<strong> a churrasqueira n\u00e3o est\u00e1 dentro da cozinha, mas fica integrada \u00e0 \u00e1rea externa<\/strong>.<\/p>\n\n\n\n<p>Esse ponto \u00e9 super legal, j\u00e1 que permite um <strong>fluxo livre entre os ambientes<\/strong>, sem interferir na organiza\u00e7\u00e3o e funcionalidade da cozinha.<\/p>\n\n\n\n<div class=\"wp-block-buttons is-content-justification-center is-layout-flex wp-container-core-buttons-is-layout-16018d1d wp-block-buttons-is-layout-flex\">\n<div class=\"wp-block-button\"><a class=\"wp-block-button__link has-background has-text-align-center wp-element-button\" href=\"https:\/\/imobiliarianovolar.net\/imovel\/NL10114104\/Casa-com-4-dormit%C3%B3rios-em-Cap%C3%A3o-Da-Canoa-Condom%C3%ADnio-Velas-da-marina\/Casa%20em%20Condom%C3%ADnio\/\" style=\"background-color:#e1d8cc\"><strong>Clique aqui e veja essa cozinha bem de perto<\/strong>!<\/a><\/div>\n<\/div>\n\n\n\n<h2 class=\"wp-block-heading\"><strong>6. Cozinhas com vistas deslumbrantes<\/strong><\/h2>\n\n\n\n<figure class=\"wp-block-image size-full\"><img loading=\"lazy\" decoding=\"async\" width=\"840\" height=\"484\" src=\"https:\/\/imobiliarianovolar.net\/blog\/wp-content\/uploads\/sites\/4\/2022\/11\/6.-Cozinhas-com-vistas-deslumbrantes.jpg\" alt=\"6. Cozinhas com vistas deslumbrantes\" class=\"wp-image-2706\" srcset=\"https:\/\/imobiliarianovolar.net\/blog\/wp-content\/uploads\/sites\/4\/2022\/11\/6.-Cozinhas-com-vistas-deslumbrantes.jpg 840w, https:\/\/imobiliarianovolar.net\/blog\/wp-content\/uploads\/sites\/4\/2022\/11\/6.-Cozinhas-com-vistas-deslumbrantes-300x173.jpg 300w, https:\/\/imobiliarianovolar.net\/blog\/wp-content\/uploads\/sites\/4\/2022\/11\/6.-Cozinhas-com-vistas-deslumbrantes-768x443.jpg 768w\" sizes=\"auto, (max-width: 840px) 100vw, 840px\" \/><\/figure>\n\n\n\n<p>O grande destaque desta cozinha \u00e9 a <strong>integra\u00e7\u00e3o total com a \u00e1rea de conviv\u00eancia externa<\/strong>, criando um ambiente amplo, sofisticado e super aconchegante.&nbsp;<\/p>\n\n\n\n<p>E o melhor? <strong>Tudo isso com uma vista espetacular para o lago<\/strong>, garantindo aquele cen\u00e1rio digno de filme, enquanto voc\u00ea cozinha ou curte um bom churrasco ga\u00facho.<\/p>\n\n\n\n<figure class=\"wp-block-image size-full\"><img loading=\"lazy\" decoding=\"async\" width=\"840\" height=\"484\" src=\"https:\/\/imobiliarianovolar.net\/blog\/wp-content\/uploads\/sites\/4\/2022\/11\/6.-Cozinhas-com-vistas-deslumbrantes_2.jpg\" alt=\"6. Cozinhas com vistas deslumbrantes_2\" class=\"wp-image-2707\" srcset=\"https:\/\/imobiliarianovolar.net\/blog\/wp-content\/uploads\/sites\/4\/2022\/11\/6.-Cozinhas-com-vistas-deslumbrantes_2.jpg 840w, https:\/\/imobiliarianovolar.net\/blog\/wp-content\/uploads\/sites\/4\/2022\/11\/6.-Cozinhas-com-vistas-deslumbrantes_2-300x173.jpg 300w, https:\/\/imobiliarianovolar.net\/blog\/wp-content\/uploads\/sites\/4\/2022\/11\/6.-Cozinhas-com-vistas-deslumbrantes_2-768x443.jpg 768w\" sizes=\"auto, (max-width: 840px) 100vw, 840px\" \/><\/figure>\n\n\n\n<p>Com um <strong>design moderno e prop\u00edcio para relaxar<\/strong>, tem acabamentos de primeira qualidade.&nbsp;<\/p>\n\n\n\n<p>O uso da madeira no teto e nas paredes d\u00e1 um toque luxuoso e ao mesmo tempo agrad\u00e1vel.&nbsp;<\/p>\n\n\n\n<p>A<strong> ilumina\u00e7\u00e3o em LED embutida<\/strong> refor\u00e7a a modernidade do espa\u00e7o e cria um clima super agrad\u00e1vel \u00e0 noite.<\/p>\n\n\n\n<p>Os m\u00f3veis seguem um <strong>estilo contempor\u00e2neo<\/strong>, com sof\u00e1s e cadeiras confort\u00e1veis, para longas conversas e momentos de descontra\u00e7\u00e3o.&nbsp;<\/p>\n\n\n\n<p>A mesa redonda de madeira, cercada por cadeiras acolchoadas, traz uma pegada intimista, para aquela reuni\u00e3o mais \u00edntima em um jantar, ou com um bom vinho ao p\u00f4r do sol.<\/p>\n\n\n\n<p>E falando em p\u00f4r do sol, <strong>essa cozinha tem uma das vistas mais incr\u00edveis que se pode ter<\/strong>.&nbsp;<\/p>\n\n\n\n<p>O deck se abre para um espa\u00e7o externo amplo, <strong>com piscina iluminada<\/strong> e espregui\u00e7adeiras voltadas para o lago, basicamente um resort particular.<\/p>\n\n\n\n<div class=\"wp-block-buttons is-content-justification-center is-layout-flex wp-container-core-buttons-is-layout-16018d1d wp-block-buttons-is-layout-flex\">\n<div class=\"wp-block-button is-style-outline is-style-outline--1\"><a class=\"wp-block-button__link has-white-color has-text-color has-background has-link-color has-text-align-center wp-element-button\" href=\"https:\/\/imobiliarianovolar.net\/imovel\/NL10114144\/Casa-com-6-dormit%C3%B3rios-em-Cap%C3%A3o-Da-Canoa-Condom%C3%ADnio-Enseada\/Casa%20em%20Condom%C3%ADnio\/\" style=\"background-color:#e1d8cc\"><strong>Clique aqui e veja mais detalhes!<\/strong><\/a><\/div>\n<\/div>\n\n\n\n<h2 class=\"wp-block-heading\"><strong>Qual dessas foi a sua favorita?<\/strong><\/h2>\n\n\n\n<p>Deu pra perceber que cada uma dessas cozinhas tem um charme e caracter\u00edsticas que fazem delas \u00fanicas, n\u00e3o \u00e9?&nbsp;<\/p>\n\n\n\n<p>Mas uma coisa \u00e9 certa, todas foram projetadas para<strong> transformar o ato de cozinhar em uma experi\u00eancia prazerosa e cheia de requinte.&nbsp;<\/strong><\/p>\n\n\n\n<p>Fica evidente que as escolhas de materiais, ilumina\u00e7\u00e3o e integra\u00e7\u00e3o com outros espa\u00e7os demonstram como o design <strong>pode elevar o dia a dia dos moradores.<\/strong><\/p>\n\n\n\n<p>Gostou dessas inspira\u00e7\u00f5es? Qual dessas cozinhas mais combina com o seu estilo?&nbsp;<\/p>\n\n\n\n<p>Deixe seu coment\u00e1rio e compartilhe sua opini\u00e3o!<\/p>\n\n\n\n<p>E para receber mais conte\u00fados exclusivos sobre im\u00f3veis, decora\u00e7\u00e3o e tend\u00eancias, inscreva-se na nossa newsletter e fique por dentro das novidades da <a href=\"https:\/\/www.imobiliarianovolar.net\/\"><strong>Imobili\u00e1ria Novo Lar<\/strong><\/a>.<\/p>\n\n\n\n<p><\/p>\n","protected":false},"excerpt":{"rendered":"<p>A cozinha \u00e9 um dos ambientes mais importantes de uma casa, afinal de contas, muitos momentos em fam\u00edlia e amigos s\u00e3o passados nela. Pensando nisso,&#8230;<\/p>\n","protected":false},"author":6,"featured_media":2711,"comment_status":"open","ping_status":"open","sticky":false,"template":"","format":"standard","meta":{"footnotes":""},"categories":[4],"tags":[],"class_list":["post-1610","post","type-post","status-publish","format-standard","has-post-thumbnail","hentry","category-decoracao-e-arquitetura"],"_links":{"self":[{"href":"https:\/\/imobiliarianovolar.net\/blog\/wp-json\/wp\/v2\/posts\/1610","targetHints":{"allow":["GET"]}}],"collection":[{"href":"https:\/\/imobiliarianovolar.net\/blog\/wp-json\/wp\/v2\/posts"}],"about":[{"href":"https:\/\/imobiliarianovolar.net\/blog\/wp-json\/wp\/v2\/types\/post"}],"author":[{"embeddable":true,"href":"https:\/\/imobiliarianovolar.net\/blog\/wp-json\/wp\/v2\/users\/6"}],"replies":[{"embeddable":true,"href":"https:\/\/imobiliarianovolar.net\/blog\/wp-json\/wp\/v2\/comments?post=1610"}],"version-history":[{"count":4,"href":"https:\/\/imobiliarianovolar.net\/blog\/wp-json\/wp\/v2\/posts\/1610\/revisions"}],"predecessor-version":[{"id":2734,"href":"https:\/\/imobiliarianovolar.net\/blog\/wp-json\/wp\/v2\/posts\/1610\/revisions\/2734"}],"wp:featuredmedia":[{"embeddable":true,"href":"https:\/\/imobiliarianovolar.net\/blog\/wp-json\/wp\/v2\/media\/2711"}],"wp:attachment":[{"href":"https:\/\/imobiliarianovolar.net\/blog\/wp-json\/wp\/v2\/media?parent=1610"}],"wp:term":[{"taxonomy":"category","embeddable":true,"href":"https:\/\/imobiliarianovolar.net\/blog\/wp-json\/wp\/v2\/categories?post=1610"},{"taxonomy":"post_tag","embeddable":true,"href":"https:\/\/imobiliarianovolar.net\/blog\/wp-json\/wp\/v2\/tags?post=1610"}],"curies":[{"name":"wp","href":"https:\/\/api.w.org\/{rel}","templated":true}]}}